{"id":45802,"date":"2022-09-14T18:57:44","date_gmt":"2022-09-14T23:57:44","guid":{"rendered":"http:\/\/www.zonaroja.com.mx\/?p=45802"},"modified":"2022-09-14T18:57:45","modified_gmt":"2022-09-14T23:57:45","slug":"revive-el-primor-y-avala-ampliar-al-2028-la-presencia-del-ejercito-en-las-calles","status":"publish","type":"post","link":"https:\/\/zonaroja.com.mx\/?p=45802","title":{"rendered":"Revive el PRIMor y avala ampliar al 2028 la presencia del Ej\u00e9rcito en las calles"},"content":{"rendered":"\n<p>Redacci\u00f3n\/Zona Roja Cdmx.<\/p>\n\n\n\n<p>Ciudad de M\u00e9xico, a 14 de septiembre de 2022.- El bloque encabezado por Morena y sus aliados del PT y el PVEM hizo equipo con el PRI para lograr que la C\u00e1mara de Diputados aprobara este mi\u00e9rcoles una reforma a la Constituci\u00f3n para ampliar hasta 2028 el despliegue de las Fuerzas Armadas en tareas de seguridad p\u00fablica.<\/p>\n\n\n\n<p>La votaci\u00f3n qued\u00f3 en 335 votos a favor \u2014apenas arriba de la mayor\u00eda calificada que se requer\u00eda\u2014, 152 en contra y una abstenci\u00f3n. Ahora, la minuta pasar\u00e1 al Senado.<\/p>\n\n\n\n<p>Casi al final de la discusi\u00f3n, se aprob\u00f3 una reserva del PT para regresar el plazo de despliegue de soldados y marinos hasta 2028, como lo contemplaba la iniciativa original, a pesar de que ayer en comisiones se hab\u00eda establecido hasta 2029.<\/p>\n\n\n\n<p>Los grupos parlamentarios de Morena y del PRI defendieron este mi\u00e9rcoles la permanencia del Ej\u00e9rcito en las calles.<\/p>\n\n\n\n<p>La mancuerna de ambas bancadas sucedi\u00f3 durante la discusi\u00f3n del dictamen de la reforma por la que proponen modificar el art\u00edculo quinto transitorio del decreto por el que se form\u00f3 la Guardia Nacional, que faculta al presidente de la Rep\u00fablica para que pueda hacer uso de las Fuerzas Armadas hasta 2024. Morena y PRI quieren extender el plazo.<\/p>\n\n\n\n<p>Los grupos parlamentarios hicieron uno a uno la exposici\u00f3n de argumentos a favor y en contra de extender la permanencia del Ej\u00e9rcito, luego de que fueran rechazadas las peticiones de moci\u00f3n suspensiva de PRD, PAN y MC.<\/p>\n\n\n\n<p>(Informaci\u00f3n de Animal Pol\u00edtico)<\/p>\n","protected":false},"excerpt":{"rendered":"<p>Redacci\u00f3n\/Zona Roja Cdmx. Ciudad de M\u00e9xico, a 14 de septiembre de 2022.- El bloque encabezado&hellip;<\/p>\n","protected":false},"author":2,"featured_media":45803,"comment_status":"closed","ping_status":"open","sticky":false,"template":"","format":"standard","meta":{"_lmt_disableupdate":"","_lmt_disable":"","_jetpack_memberships_contains_paid_content":false,"footnotes":""},"categories":[109,47],"tags":[1042],"class_list":["post-45802","post","type-post","status-publish","format-standard","has-post-thumbnail","hentry","category-minuto-a-minuto","category-zona-gris","tag-camara-de-diputados-federal"],"jetpack_featured_media_url":"https:\/\/zonaroja.com.mx\/wp-content\/uploads\/2022\/09\/Sesion-Camara-de-Diputados.jpeg","jetpack_sharing_enabled":true,"_links":{"self":[{"href":"https:\/\/zonaroja.com.mx\/index.php?rest_route=\/wp\/v2\/posts\/45802","targetHints":{"allow":["GET"]}}],"collection":[{"href":"https:\/\/zonaroja.com.mx\/index.php?rest_route=\/wp\/v2\/posts"}],"about":[{"href":"https:\/\/zonaroja.com.mx\/index.php?rest_route=\/wp\/v2\/types\/post"}],"author":[{"embeddable":true,"href":"https:\/\/zonaroja.com.mx\/index.php?rest_route=\/wp\/v2\/users\/2"}],"replies":[{"embeddable":true,"href":"https:\/\/zonaroja.com.mx\/index.php?rest_route=%2Fwp%2Fv2%2Fcomments&post=45802"}],"version-history":[{"count":1,"href":"https:\/\/zonaroja.com.mx\/index.php?rest_route=\/wp\/v2\/posts\/45802\/revisions"}],"predecessor-version":[{"id":45804,"href":"https:\/\/zonaroja.com.mx\/index.php?rest_route=\/wp\/v2\/posts\/45802\/revisions\/45804"}],"wp:featuredmedia":[{"embeddable":true,"href":"https:\/\/zonaroja.com.mx\/index.php?rest_route=\/wp\/v2\/media\/45803"}],"wp:attachment":[{"href":"https:\/\/zonaroja.com.mx\/index.php?rest_route=%2Fwp%2Fv2%2Fmedia&parent=45802"}],"wp:term":[{"taxonomy":"category","embeddable":true,"href":"https:\/\/zonaroja.com.mx\/index.php?rest_route=%2Fwp%2Fv2%2Fcategories&post=45802"},{"taxonomy":"post_tag","embeddable":true,"href":"https:\/\/zonaroja.com.mx\/index.php?rest_route=%2Fwp%2Fv2%2Ftags&post=45802"}],"curies":[{"name":"wp","href":"https:\/\/api.w.org\/{rel}","templated":true}]}}