{"id":45809,"date":"2022-09-14T20:19:06","date_gmt":"2022-09-15T01:19:06","guid":{"rendered":"http:\/\/www.zonaroja.com.mx\/?p=45809"},"modified":"2022-09-14T20:19:08","modified_gmt":"2022-09-15T01:19:08","slug":"reviven-al-cartel-del-despojo-en-congreso-piden-a-scjn-atraer-caso-conzatti","status":"publish","type":"post","link":"https:\/\/zonaroja.com.mx\/?p=45809","title":{"rendered":"Reviven al \u201cC\u00e1rtel del despojo\u201d en Congreso; piden a SCJN atraer caso Conzatti"},"content":{"rendered":"\n<p>Yuridiana Sosa\/ Zona Roja.<\/p>\n\n\n\n<p>Oaxaca de Ju\u00e1rez, Oax., 14 de septiembre de 2022.- A casi dos a\u00f1os de revelarse la existencia de un presunto \u201cC\u00e1rtel de despojo\u201d desde la funci\u00f3n p\u00fablica contra bienes de particulares, el Congreso del Estado pidi\u00f3 la intervenci\u00f3n de la Suprema Corte de Justicia de la Naci\u00f3n para la resoluci\u00f3n de un caso.<\/p>\n\n\n\n<p>Con 26 votos, la 65 Legislatura aval\u00f3 un exhorto sobre el caso de los hermanos G\u00f3mez Conzatti y Mart\u00ednez, quienes evidenciaron la red de despojo al ser v\u00edctimas de este hecho que se hizo p\u00fablico en 2020, y en el que supuestamente particip\u00f3 el Registro Civil, el Registro P\u00fablico de la Propiedad del estado de Oaxaca y notarios.<\/p>\n\n\n\n<p>La propuesta, presentada por la diputada Rosalina L\u00f3pez Garc\u00eda -de Morena-, exhorta a la Suprema Corte de Justicia de la Naci\u00f3n para que en el momento procesal oportuno, valore atraer para su conocimiento y resoluci\u00f3n el amparo en revisi\u00f3n n\u00famero 237\/2022, del Segundo Tribunal Colegiado en Materia Civil y Administrativa del Primer Circuito de Oaxaca.<\/p>\n\n\n\n<p>Esto ante la trascendencia e importancia social y jur\u00eddica del caso los hermanos Conzatti v\u00edctimas de presuntos actos de supresi\u00f3n de identidad y despojo de bienes patrimoniales.<\/p>\n\n\n\n<p>A su vez, el exhorto se extiende al Consejo de la Judicatura Federal para que vigile el actuar de la magistrada y magistrados integrantes del Tribunal Colegiado en Materia Civil y Administrativa, as\u00ed como no se permite la intromisi\u00f3n, opresi\u00f3n de poderes f\u00e1cticos, econ\u00f3micos o de cualquier otra naturaleza.<\/p>\n\n\n\n<p>Lo anterior, dijo la diputada, porque se han evidenciado presuntos actos de corrupci\u00f3n que involucran al Instituto de la funci\u00f3n registral, Instituto catastral, direcci\u00f3n de Registro Civil y Notar\u00edas P\u00fablicas del Estado de Oaxaca.<\/p>\n\n\n\n<p>De forma particular, los afectados han declarado p\u00fablicamente que la Fiscal\u00eda General de la Rep\u00fablica determin\u00f3 que los libros del Registro Civil fueron alterados y sus actas de nacimiento originales fueron sustra\u00eddas.<\/p>\n\n\n\n<p>Pese a eso, el Gobierno del Estado ha negado dichas actuaciones de su personal y por el contrario, algunas autoridades han acusado a los hermanos Conzatti de tratar de obtener una segunda identidad.<\/p>\n\n\n\n<figure class=\"wp-block-embed is-type-rich is-provider-twitter wp-block-embed-twitter\"><div class=\"wp-block-embed__wrapper\">\n<div class=\"twitter-tweet\"><blockquote class=\"twitter-tweet\" data-lang=\"es\"><p lang=\"es\" dir=\"ltr\">Con 26 votos, el <a href=\"https:\/\/twitter.com\/CongresoOaxaca_?ref_src=twsrc%5Etfw\">@CongresoOaxaca_<\/a> aprob\u00f3 hoy un exhorto sobre el caso Conzatti y el \u201cC\u00e1rtel del despojo\u201d, en que pide a la <a href=\"https:\/\/twitter.com\/SCJN?ref_src=twsrc%5Etfw\">@SCJN<\/a> que en el momento procesal oportuno, valore atraer para su conocimiento y resoluci\u00f3n el amparo en revisi\u00f3n n\u00famero 237\/2022. <a href=\"https:\/\/t.co\/w95n1I4N2R\">pic.twitter.com\/w95n1I4N2R<\/a><\/p>&mdash; Zona Roja Oaxaca (@ZonaRoja_Oaxaca) <a href=\"https:\/\/twitter.com\/ZonaRoja_Oaxaca\/status\/1570162486313099266?ref_src=twsrc%5Etfw\">14 de septiembre de 2022<\/a><\/blockquote><\/div>\n<\/div><\/figure>\n","protected":false},"excerpt":{"rendered":"<p>Yuridiana Sosa\/ Zona Roja. Oaxaca de Ju\u00e1rez, Oax., 14 de septiembre de 2022.- A casi&hellip;<\/p>\n","protected":false},"author":2,"featured_media":45810,"comment_status":"closed","ping_status":"open","sticky":false,"template":"","format":"standard","meta":{"_lmt_disableupdate":"","_lmt_disable":"","_jetpack_memberships_contains_paid_content":false,"footnotes":""},"categories":[109,47],"tags":[2743],"class_list":["post-45809","post","type-post","status-publish","format-standard","has-post-thumbnail","hentry","category-minuto-a-minuto","category-zona-gris","tag-65-legislatura-del-estado-de-oaxaca"],"jetpack_featured_media_url":"https:\/\/zonaroja.com.mx\/wp-content\/uploads\/2022\/09\/Sesion-Congreso-Oaxaca.jpg","jetpack_sharing_enabled":true,"_links":{"self":[{"href":"https:\/\/zonaroja.com.mx\/index.php?rest_route=\/wp\/v2\/posts\/45809","targetHints":{"allow":["GET"]}}],"collection":[{"href":"https:\/\/zonaroja.com.mx\/index.php?rest_route=\/wp\/v2\/posts"}],"about":[{"href":"https:\/\/zonaroja.com.mx\/index.php?rest_route=\/wp\/v2\/types\/post"}],"author":[{"embeddable":true,"href":"https:\/\/zonaroja.com.mx\/index.php?rest_route=\/wp\/v2\/users\/2"}],"replies":[{"embeddable":true,"href":"https:\/\/zonaroja.com.mx\/index.php?rest_route=%2Fwp%2Fv2%2Fcomments&post=45809"}],"version-history":[{"count":1,"href":"https:\/\/zonaroja.com.mx\/index.php?rest_route=\/wp\/v2\/posts\/45809\/revisions"}],"predecessor-version":[{"id":45811,"href":"https:\/\/zonaroja.com.mx\/index.php?rest_route=\/wp\/v2\/posts\/45809\/revisions\/45811"}],"wp:featuredmedia":[{"embeddable":true,"href":"https:\/\/zonaroja.com.mx\/index.php?rest_route=\/wp\/v2\/media\/45810"}],"wp:attachment":[{"href":"https:\/\/zonaroja.com.mx\/index.php?rest_route=%2Fwp%2Fv2%2Fmedia&parent=45809"}],"wp:term":[{"taxonomy":"category","embeddable":true,"href":"https:\/\/zonaroja.com.mx\/index.php?rest_route=%2Fwp%2Fv2%2Fcategories&post=45809"},{"taxonomy":"post_tag","embeddable":true,"href":"https:\/\/zonaroja.com.mx\/index.php?rest_route=%2Fwp%2Fv2%2Ftags&post=45809"}],"curies":[{"name":"wp","href":"https:\/\/api.w.org\/{rel}","templated":true}]}}