{"id":45815,"date":"2022-09-14T22:24:59","date_gmt":"2022-09-15T03:24:59","guid":{"rendered":"http:\/\/www.zonaroja.com.mx\/?p=45815"},"modified":"2022-09-14T22:48:36","modified_gmt":"2022-09-15T03:48:36","slug":"suman-siete-mujeres-asesinadas-en-septiembre-hoy-otra-en-san-blas-atempa","status":"publish","type":"post","link":"https:\/\/zonaroja.com.mx\/?p=45815","title":{"rendered":"Suman siete mujeres asesinadas en septiembre; hoy otra en San Blas Atempa"},"content":{"rendered":"\n<p>Ismael Garc\u00eda M.\/Zona Roja.<\/p>\n\n\n\n<p>Oaxaca de Ju\u00e1rez, Oax., a 14 de septiembre de 2022.- Una mujer de edad avanzada fue asesinada a balazos la noche de este mi\u00e9rcoles en Villa de San Blas Atempa, municipio de la regi\u00f3n del Istmo de Oaxaca.<\/p>\n\n\n\n<p>Con este caso, suman siete probables feminicidios ocurridos durante el mes de septiembre, en su mayor\u00eda en las regiones Costa e Istmo de Tehuantepec.<\/p>\n\n\n\n<p>Del caso de esta noche, en un domicilio de la calzada del Pante\u00f3n de San Blas Atempa, sujetos desconocidos dispararon en contra de una mujer de aproximadamente 60 a\u00f1os de edad; al menos tres impactos alcanzaron su cuerpo.<\/p>\n\n\n\n<p>La v\u00edctima fue identificada de manera preliminar como Terista de la Rosa L., seg\u00fan dieron a conocer medios regionales. <\/p>\n\n\n\n<p>Polic\u00edas municipales acordonaron la zona mientras peritos y elementos de la Agencia Estatal de Investigaciones, de la Fiscal\u00eda General del Estado de Oaxaca, realizan las primeras indagatorias, bajo protocolos de feminicidio.<\/p>\n\n\n\n<p>Hasta el momento no se ha dado a conocer la identidad de los responsables como tampoco detenci\u00f3n alguna.<\/p>\n","protected":false},"excerpt":{"rendered":"<p>Ismael Garc\u00eda M.\/Zona Roja. Oaxaca de Ju\u00e1rez, Oax., a 14 de septiembre de 2022.- Una&hellip;<\/p>\n","protected":false},"author":2,"featured_media":7486,"comment_status":"closed","ping_status":"open","sticky":false,"template":"","format":"standard","meta":{"_lmt_disableupdate":"","_lmt_disable":"","_jetpack_memberships_contains_paid_content":false,"footnotes":""},"categories":[109,51],"tags":[610,1760],"class_list":["post-45815","post","type-post","status-publish","format-standard","has-post-thumbnail","hentry","category-minuto-a-minuto","category-zona-roja","tag-feminicidios-oaxaca","tag-villa-de-san-blas-atempa"],"jetpack_featured_media_url":"https:\/\/zonaroja.com.mx\/wp-content\/uploads\/2020\/01\/Escena-del-crimen7.jpg","jetpack_sharing_enabled":true,"_links":{"self":[{"href":"https:\/\/zonaroja.com.mx\/index.php?rest_route=\/wp\/v2\/posts\/45815","targetHints":{"allow":["GET"]}}],"collection":[{"href":"https:\/\/zonaroja.com.mx\/index.php?rest_route=\/wp\/v2\/posts"}],"about":[{"href":"https:\/\/zonaroja.com.mx\/index.php?rest_route=\/wp\/v2\/types\/post"}],"author":[{"embeddable":true,"href":"https:\/\/zonaroja.com.mx\/index.php?rest_route=\/wp\/v2\/users\/2"}],"replies":[{"embeddable":true,"href":"https:\/\/zonaroja.com.mx\/index.php?rest_route=%2Fwp%2Fv2%2Fcomments&post=45815"}],"version-history":[{"count":2,"href":"https:\/\/zonaroja.com.mx\/index.php?rest_route=\/wp\/v2\/posts\/45815\/revisions"}],"predecessor-version":[{"id":45817,"href":"https:\/\/zonaroja.com.mx\/index.php?rest_route=\/wp\/v2\/posts\/45815\/revisions\/45817"}],"wp:featuredmedia":[{"embeddable":true,"href":"https:\/\/zonaroja.com.mx\/index.php?rest_route=\/wp\/v2\/media\/7486"}],"wp:attachment":[{"href":"https:\/\/zonaroja.com.mx\/index.php?rest_route=%2Fwp%2Fv2%2Fmedia&parent=45815"}],"wp:term":[{"taxonomy":"category","embeddable":true,"href":"https:\/\/zonaroja.com.mx\/index.php?rest_route=%2Fwp%2Fv2%2Fcategories&post=45815"},{"taxonomy":"post_tag","embeddable":true,"href":"https:\/\/zonaroja.com.mx\/index.php?rest_route=%2Fwp%2Fv2%2Ftags&post=45815"}],"curies":[{"name":"wp","href":"https:\/\/api.w.org\/{rel}","templated":true}]}}