{"id":45818,"date":"2022-09-15T06:58:51","date_gmt":"2022-09-15T11:58:51","guid":{"rendered":"http:\/\/www.zonaroja.com.mx\/?p=45818"},"modified":"2022-09-15T10:36:03","modified_gmt":"2022-09-15T15:36:03","slug":"ya-estamos-hartos-de-sus-pinches-bloqueos","status":"publish","type":"post","link":"https:\/\/zonaroja.com.mx\/?p=45818","title":{"rendered":"\u201c\u00a1Ya estamos hartos de sus pinches bloqueos!\u201d"},"content":{"rendered":"\n<p>Redacci\u00f3n\/Zona Roja.<\/p>\n\n\n\n<p>Oaxaca de Ju\u00e1rez, Oax., a 15 de septiembre de 2022.- El repique de campanas, a eso de las 21:00 horas, fue el llamado de alerta.&nbsp;<\/p>\n\n\n\n<p>Los manifestantes no creyeron la advertencia; tampoco las corporaciones policiacas.<\/p>\n\n\n\n<p>Al grito de \u201c\u00a1Ya estamos hartos de sus pinches bloqueos!\u201d, alrededor de las 10 de la noche un centenar de pobladores de San Agust\u00edn de las Juntas se concentr\u00f3 en la explanada municipal y se traslad\u00f3 al crucero del aeropuerto de Oaxaca.<\/p>\n\n\n\n<p>Una sola petici\u00f3n: \u201c\u00a1se quitan o los quitamos!\u201d. Y vino la corrediza. Palos, piedras, disparos de arma de fuego, hicieron correr a integrantes de la Alianza de Organizaciones Sociales.<\/p>\n\n\n\n<p>Muchos se refugiaron en una tienda comercial en la zona; otros subieron hasta en \u00e1rboles, unos m\u00e1s se escondieron entre matorrales. Una veintena de descalabrados, al menos, que como pudieron llegaron al parque del Amor de la ciudad de Oaxaca, donde fueron valorados y atendidos.&nbsp;<\/p>\n\n\n\n<p>Oficialmente, cinco lesionados, entre ellos una mujer, que fueron trasladados al Hospital Civil \u201cDr. Aurelio Valdivieso\u201d.&nbsp;<\/p>\n\n\n\n<p>Pueblo contra pueblo. As\u00ed fue como se terminaron tres d\u00edas de bloqueo a la carretera federal 175 Oaxaca-Puerto \u00c1ngel, a la altura del crucero del aeropuerto. Ni di\u00e1logo ni acuerdos, s\u00f3lo violencia funcionaron.<\/p>\n\n\n\n<figure class=\"wp-block-embed is-type-rich is-provider-twitter wp-block-embed-twitter\"><div class=\"wp-block-embed__wrapper\">\n<div class=\"twitter-tweet\"><blockquote class=\"twitter-tweet\" data-lang=\"es\"><p lang=\"es\" dir=\"ltr\"><a href=\"https:\/\/twitter.com\/hashtag\/%C3%9AltimoMinuto?src=hash&amp;ref_src=twsrc%5Etfw\">#\u00daltimoMinuto<\/a> <br>Al llamado mediante el repique de campanas de la iglesia, pobladores de San Agust\u00edn de las Juntas se congregan en la explanada municipal, con la intenci\u00f3n de acudir a desalojar a los manifestantes que se encuentran en el crucero al aeropuerto de <a href=\"https:\/\/twitter.com\/hashtag\/Oaxaca?src=hash&amp;ref_src=twsrc%5Etfw\">#Oaxaca<\/a>. <a href=\"https:\/\/t.co\/3Tv1FEYSmb\">pic.twitter.com\/3Tv1FEYSmb<\/a><\/p>&mdash; Zona Roja Oaxaca (@ZonaRoja_Oaxaca) <a href=\"https:\/\/twitter.com\/ZonaRoja_Oaxaca\/status\/1570249698266562561?ref_src=twsrc%5Etfw\">15 de septiembre de 2022<\/a><\/blockquote><\/div>\n<\/div><\/figure>\n\n\n\n<p>CONTRA PAR\u00c1SITOS<\/p>\n\n\n\n<p>\u201cHabitantes unidos y hartos pedimos a los par\u00e1sitos de las organizaciones sociales que se quitaran y nos agredieron.<\/p>\n\n\n\n<p>Somos un grupo de habitantes que cansados de que tomen de rehenes al verdadero pueblo de Oaxaca que sale a trabajar d\u00eda con d\u00eda para ganarse la vida sin pedir dinero al gobierno c\u00f3mo est\u00e1 bola de delincuentes que bloqueaban el crucero del aeropuerto.<\/p>\n\n\n\n<p>\u201cCansados de que esta bola de par\u00e1sitos piden m\u00e1s y m\u00e1s dinero , como habitantes fuimos a dialogar con ellos para que se quitaran, les hicimos el llamado hace 24 horas, luego 12 horas y seis horas porque nos est\u00e1n afectando mucho pero cuando llegamos a dialogar con los manifestantes recibimos amenazas, insultos y hasta golpes es por eso que tuvimos que responder como pueblo unido\u201d, fue la versi\u00f3n que difundieron los de San Agust\u00edn de las Juntas.<\/p>\n\n\n\n<p>Y el aviso de nuevo:<\/p>\n\n\n\n<p>\u201cLas y los habitantes de San Agust\u00edn de las Juntas hacemos la advertencia de que quien vuelva a bloquear este crucero les pasara lo mismo, porque no se vale que afecten al verdadero pueblo, ya que los que bloquean son delincuentes y sus l\u00edderes se llevan millones y millones.<\/p>\n\n\n\n<p>\u201cConvocamos al pueblo de Oaxaca que si ma\u00f1ana salen con sus marchas de supuesta represi\u00f3n, como siempre haci\u00e9ndose las v\u00edctimas, los enfrentaremos de nuevo\u201d.<\/p>\n\n\n\n<figure class=\"wp-block-embed is-type-rich is-provider-twitter wp-block-embed-twitter\"><div class=\"wp-block-embed__wrapper\">\n<div class=\"twitter-tweet\"><blockquote class=\"twitter-tweet\" data-lang=\"es\"><p lang=\"es\" dir=\"ltr\">Derivado de la confrontaci\u00f3n presentada entre pobladores y manifestantes de organizaciones sociales; en coordinaci\u00f3n con <a href=\"https:\/\/twitter.com\/SEDENAmx?ref_src=twsrc%5Etfw\">@SEDENAmx<\/a> Y <a href=\"https:\/\/twitter.com\/GN_MEXICO_?ref_src=twsrc%5Etfw\">@GN_MEXICO_<\/a>, instalamos un circuito de seguridad en la carretera federal 175 en inmediaciones del crucero del Aeropuerto. <a href=\"https:\/\/t.co\/C0ZXbSvP9B\">pic.twitter.com\/C0ZXbSvP9B<\/a><\/p>&mdash; Sr\u00eda. Seg. P\u00fab. Oax. (@SSP_GobOax) <a href=\"https:\/\/twitter.com\/SSP_GobOax\/status\/1570271772334776323?ref_src=twsrc%5Etfw\">15 de septiembre de 2022<\/a><\/blockquote><\/div>\n<\/div><\/figure>\n\n\n\n<p>LLEGA POLIC\u00cdA<\/p>\n\n\n\n<p>Tras la refriega, llegaron elementos de la Polic\u00eda Estatal, la Secretar\u00eda de la Defensa Nacional y de la Guardia Nacional, pero s\u00f3lo para rescatar a los manifestantes que a\u00fan se hallaban escondidos en tiendas comerciales abiertas a esa hora.<\/p>\n\n\n\n<p>Adem\u00e1s, para resguardar y apoyar el traslado de los heridos a otros sitios e imponer un cero de seguridad\u2026 cuando ya se hab\u00edan calmado los \u00e1nimos y retirados los habitantes de San Agust\u00edn de las Juntas.<\/p>\n\n\n\n<p>\u201cDerivado de la confrontaci\u00f3n presentada entre pobladores y manifestantes de organizaciones sociales; la Secretar\u00eda de Seguridad P\u00fablica de Oaxaca (SSPO) informa que, en coordinaci\u00f3n con la Secretar\u00eda de la Defensa Nacional (Sedena) y la Guardia Nacional (GN), se instal\u00f3 un circuito de seguridad en la carretera federal 175 e inmediaciones del crucero del Aeropuerto.<\/p>\n\n\n\n<p>\u201cEstas acciones disuasivas y preventivas tienen el objetivo primordial de restablecer el orden, la tranquilidad y la paz en la zona. Cabe se\u00f1alar que, la SSPO hace un llamado a la ciudadan\u00eda a priorizar la resoluci\u00f3n de conflictos por la v\u00eda del di\u00e1logo a trav\u00e9s de las v\u00edas institucionales\u201d, inform\u00f3 la instituci\u00f3n en un comunicado.<\/p>\n\n\n\n<p>Por lo pronto, esta ma\u00f1ana de jueves, amanece sin bloqueos el crucero de Cinco Se\u00f1ores y sin \u00abplant\u00f3n\u00bb el z\u00f3calo de la ciudad de Oaxaca; s\u00f3lo hay una concentraci\u00f3n de personas en el parque del Amor de la capital.<\/p>\n\n\n\n<figure class=\"wp-block-embed is-type-rich is-provider-twitter wp-block-embed-twitter\"><div class=\"wp-block-embed__wrapper\">\n<div class=\"twitter-tweet\"><blockquote class=\"twitter-tweet\" data-lang=\"es\"><p lang=\"es\" dir=\"ltr\"><a href=\"https:\/\/twitter.com\/hashtag\/%C3%9AltimoMinuto?src=hash&amp;ref_src=twsrc%5Etfw\">#\u00daltimoMinuto<\/a> <br>Comparten otro video, donde se escuchan detonaciones de arma de fuego durante el desalojo de manifestantes que desde hace tres d\u00edas bloqueaban el crucero de la v\u00eda federal 175 y acceso al aeropuerto de Oaxaca.<br>San Agust\u00edn de las Juntas actu\u00f3, ante ingobernabilidad. <a href=\"https:\/\/t.co\/99BRXLblku\">pic.twitter.com\/99BRXLblku<\/a><\/p>&mdash; Zona Roja Oaxaca (@ZonaRoja_Oaxaca) <a href=\"https:\/\/twitter.com\/ZonaRoja_Oaxaca\/status\/1570263718151487488?ref_src=twsrc%5Etfw\">15 de septiembre de 2022<\/a><\/blockquote><\/div>\n<\/div><\/figure>\n","protected":false},"excerpt":{"rendered":"<p>Redacci\u00f3n\/Zona Roja. Oaxaca de Ju\u00e1rez, Oax., a 15 de septiembre de 2022.- El repique de&hellip;<\/p>\n","protected":false},"author":2,"featured_media":45819,"comment_status":"closed","ping_status":"open","sticky":false,"template":"","format":"standard","meta":{"_lmt_disableupdate":"","_lmt_disable":"","_jetpack_memberships_contains_paid_content":false,"footnotes":""},"categories":[109,47],"tags":[2264,743],"class_list":["post-45818","post","type-post","status-publish","format-standard","has-post-thumbnail","hentry","category-minuto-a-minuto","category-zona-gris","tag-bloqueos-y-protestas-oaxaca","tag-san-agustin-de-las-juntas"],"jetpack_featured_media_url":"https:\/\/zonaroja.com.mx\/wp-content\/uploads\/2022\/09\/Desalojados-crucero-aeropuerto-San-Agustin-de-las-Juntas.jpg","jetpack_sharing_enabled":true,"_links":{"self":[{"href":"https:\/\/zonaroja.com.mx\/index.php?rest_route=\/wp\/v2\/posts\/45818","targetHints":{"allow":["GET"]}}],"collection":[{"href":"https:\/\/zonaroja.com.mx\/index.php?rest_route=\/wp\/v2\/posts"}],"about":[{"href":"https:\/\/zonaroja.com.mx\/index.php?rest_route=\/wp\/v2\/types\/post"}],"author":[{"embeddable":true,"href":"https:\/\/zonaroja.com.mx\/index.php?rest_route=\/wp\/v2\/users\/2"}],"replies":[{"embeddable":true,"href":"https:\/\/zonaroja.com.mx\/index.php?rest_route=%2Fwp%2Fv2%2Fcomments&post=45818"}],"version-history":[{"count":3,"href":"https:\/\/zonaroja.com.mx\/index.php?rest_route=\/wp\/v2\/posts\/45818\/revisions"}],"predecessor-version":[{"id":45837,"href":"https:\/\/zonaroja.com.mx\/index.php?rest_route=\/wp\/v2\/posts\/45818\/revisions\/45837"}],"wp:featuredmedia":[{"embeddable":true,"href":"https:\/\/zonaroja.com.mx\/index.php?rest_route=\/wp\/v2\/media\/45819"}],"wp:attachment":[{"href":"https:\/\/zonaroja.com.mx\/index.php?rest_route=%2Fwp%2Fv2%2Fmedia&parent=45818"}],"wp:term":[{"taxonomy":"category","embeddable":true,"href":"https:\/\/zonaroja.com.mx\/index.php?rest_route=%2Fwp%2Fv2%2Fcategories&post=45818"},{"taxonomy":"post_tag","embeddable":true,"href":"https:\/\/zonaroja.com.mx\/index.php?rest_route=%2Fwp%2Fv2%2Ftags&post=45818"}],"curies":[{"name":"wp","href":"https:\/\/api.w.org\/{rel}","templated":true}]}}