{"id":4582,"date":"2019-10-05T21:28:58","date_gmt":"2019-10-06T02:28:58","guid":{"rendered":"http:\/\/www.zonaroja.com.mx\/?p=4582"},"modified":"2019-10-06T08:25:08","modified_gmt":"2019-10-06T13:25:08","slug":"sabado-rojo-tres-ejecutados-y-tres-cajeros-robados-un-ahogado","status":"publish","type":"post","link":"https:\/\/zonaroja.com.mx\/?p=4582","title":{"rendered":"S\u00e1bado rojo: tres ejecutados y tres cajeros robados; un ahogado"},"content":{"rendered":"\n<p>Ismael Garc\u00eda M.\/Zona Roja.<\/p>\n\n\n\n<p>Oaxaca de Ju\u00e1rez, Oax., 5 de octubre de\n2019.- Tres personas asesinadas a balazos y tres cajeros robados, adem\u00e1s de un\nturista ahogado, es el saldo violento de este s\u00e1bado, pese a los supuestos\noperativos de las polic\u00edas municipales, de la Secretar\u00eda de Seguridad P\u00fablica\nde Oaxaca (SSPO) y de la Guardia Nacional.<\/p>\n\n\n\n<p>En la madrugada, en una taquer\u00eda denominada\n\u201cEl Tarrasco\u201d, ubicada a la entrada del municipio de San Pablo, del distrito de\nEtla, fue asesinado a balazos un individuo identificado como Margarito.<\/p>\n\n\n\n<p>Alrededor de las 10:00 horas, en la\nprimera calle de Matamoros de la agencia Vicente Guerrero, perteneciente al\nmunicipio de Villa de Zaachila, fue ultimado a balazos un individuo.<\/p>\n\n\n\n<p>Quien fue identificado como Sadot\nGuzm\u00e1n, recibi\u00f3 al menos siete impactos de arma de fuego, tres de ellos en la\ncabeza y cuatro en el pecho; hasta el momento se desconoce a los agresores.<\/p>\n\n\n\n<p>En San Juan Bautista Tuxtepec, continuaron los asesinatos cotidianos; lo anterior, pese a que ayer, el titular de la SSPO, Ra\u00fal Ernesto Salcedo, acudi\u00f3 por tercera ocasi\u00f3n en poco m\u00e1s de tres meses en el cargo, a dicha ciudad, para intentar convencer a las autoridades que est\u00e1 trabajando. <\/p>\n\n\n\n<figure class=\"wp-block-embed-twitter wp-block-embed is-type-rich is-provider-twitter\"><div class=\"wp-block-embed__wrapper\">\n<div class=\"twitter-tweet\"><blockquote class=\"twitter-tweet\" data-lang=\"es\"><p lang=\"es\" dir=\"ltr\">La seguridad de las y los oaxaque\u00f1os, se construye con la suma de voluntades y la coordinaci\u00f3n de acciones entre instituciones de los tres \u00f3rdenes de gobierno. En gira de trabajo por el <a href=\"https:\/\/twitter.com\/hashtag\/Papaloapan?src=hash&amp;ref_src=twsrc%5Etfw\">#Papaloapan<\/a>, nos reunimos con autoridades municipales de la zona. <a href=\"https:\/\/twitter.com\/GN_MEXICO_?ref_src=twsrc%5Etfw\">@GN_MEXICO_<\/a> <a href=\"https:\/\/twitter.com\/alejandromurat?ref_src=twsrc%5Etfw\">@alejandromurat<\/a> <a href=\"https:\/\/t.co\/QaWnlmVSlL\">pic.twitter.com\/QaWnlmVSlL<\/a><\/p>&mdash; Sr\u00eda. Seg. P\u00fab. Oax. (@SSP_GobOax) <a href=\"https:\/\/twitter.com\/SSP_GobOax\/status\/1180210770212265989?ref_src=twsrc%5Etfw\">4 de octubre de 2019<\/a><\/blockquote><\/div>\n<\/div><\/figure>\n\n\n\n<p>No obstante, estuvo resguardado por un fuerte equipo de seguridad, con al menos media docena de polic\u00edas con armas de grueso calibre, que lo mantuvieron rodeado.<\/p>\n\n\n\n<figure class=\"wp-block-image\"><img decoding=\"async\" width=\"644\" height=\"483\" src=\"http:\/\/www.zonaroja.com.mx\/wp-content\/uploads\/2019\/10\/IMG_5076.jpg\" alt=\"\" class=\"wp-image-4589\" srcset=\"https:\/\/zonaroja.com.mx\/wp-content\/uploads\/2019\/10\/IMG_5076.jpg 644w, https:\/\/zonaroja.com.mx\/wp-content\/uploads\/2019\/10\/IMG_5076-300x225.jpg 300w, https:\/\/zonaroja.com.mx\/wp-content\/uploads\/2019\/10\/IMG_5076-585x439.jpg 585w\" sizes=\"(max-width: 644px) 100vw, 644px\" \/><\/figure>\n\n\n\n<p>Despu\u00e9s del mediod\u00eda, en un restaurante\nde la finca \u201cSan Fernando\u201d de Tuxtepec, fue ejecutada a balazos una persona\nconocida como Leonardo P\u00e9rez Rodr\u00edguez, de 40 a\u00f1os de edad, hermano de un funcionario\nestatal, de nombre Jos\u00e9 P\u00e9rez Rodr\u00edguez. <\/p>\n\n\n\n<p>En ning\u00fan caso hay personas detenidas y\nno se dio a conocer si se implementaron operativos de b\u00fasqueda.<\/p>\n\n\n\n<p>ROBAN CAJEROS<\/p>\n\n\n\n<figure class=\"wp-block-image\"><img decoding=\"async\" width=\"720\" height=\"540\" src=\"http:\/\/www.zonaroja.com.mx\/wp-content\/uploads\/2019\/10\/1e7a68ab-00bc-404a-a617-22fe07467f8f.jpg\" alt=\"\" class=\"wp-image-4583\" srcset=\"https:\/\/zonaroja.com.mx\/wp-content\/uploads\/2019\/10\/1e7a68ab-00bc-404a-a617-22fe07467f8f.jpg 720w, https:\/\/zonaroja.com.mx\/wp-content\/uploads\/2019\/10\/1e7a68ab-00bc-404a-a617-22fe07467f8f-300x225.jpg 300w, https:\/\/zonaroja.com.mx\/wp-content\/uploads\/2019\/10\/1e7a68ab-00bc-404a-a617-22fe07467f8f-585x439.jpg 585w\" sizes=\"(max-width: 720px) 100vw, 720px\" \/><\/figure>\n\n\n\n<p>En la comunidad de Mazunte, con\nnombramiento de \u201cPueblo M\u00e1gico\u201d, agencia de Santa Mar\u00eda Tonameca, durante la\nmadrugada de este s\u00e1bado sujetos desconocidos arrancaron tres cajeros\nautom\u00e1ticos completos y se los llevaron a bordo de camionetas; los polic\u00edas no\nse dieron cuenta de ello.<\/p>\n\n\n\n<p>Mientras que en el circuito Loma Verde del\nfraccionamiento La Loma, del municipio de Oaxaca de Ju\u00e1rez, tres sujetos\ningresaron a robar a un domicilio, pero al verse descubiertos, dos de ellos\nhuyeron por el techo, mientras que uno cay\u00f3 al piso y se fractur\u00f3 la pierna;\nfue detenido y llevado a un hospital.<\/p>\n\n\n\n<p>Y en la playa Bacocho de Puerto\nEscondido, un turista originario de Puebla, falleci\u00f3 ahogado, confirm\u00f3 la\nCoordinaci\u00f3n Estatal de Protecci\u00f3n Civil de Oaxaca (CEPCO).<\/p>\n\n\n\n<p>La v\u00edctima de 24 a\u00f1os de edad fue\nidentificada Fernando Osorio y presuntamente se meti\u00f3 a nadar en estado de\nebriedad con sus compa\u00f1eros; previamente ya le hab\u00edan advertido los polic\u00edas\nque no ingresaran al mar pero no hicieron caso.<\/p>\n","protected":false},"excerpt":{"rendered":"<p>Ismael Garc\u00eda M.\/Zona Roja. Oaxaca de Ju\u00e1rez, Oax., 5 de octubre de 2019.- Tres personas&hellip;<\/p>\n","protected":false},"author":2,"featured_media":4584,"comment_status":"closed","ping_status":"open","sticky":false,"template":"","format":"standard","meta":{"_lmt_disableupdate":"","_lmt_disable":"","_jetpack_memberships_contains_paid_content":false,"footnotes":""},"categories":[109,51],"tags":[118,824,155],"class_list":["post-4582","post","type-post","status-publish","format-standard","has-post-thumbnail","hentry","category-minuto-a-minuto","category-zona-roja","tag-san-juan-bautista-tuxtepec","tag-san-pablo-etla","tag-villa-de-zaachila"],"jetpack_featured_media_url":"https:\/\/zonaroja.com.mx\/wp-content\/uploads\/2019\/10\/5c9946ba-2b6c-4872-bcd5-83eb00353256.jpg","jetpack_sharing_enabled":true,"_links":{"self":[{"href":"https:\/\/zonaroja.com.mx\/index.php?rest_route=\/wp\/v2\/posts\/4582","targetHints":{"allow":["GET"]}}],"collection":[{"href":"https:\/\/zonaroja.com.mx\/index.php?rest_route=\/wp\/v2\/posts"}],"about":[{"href":"https:\/\/zonaroja.com.mx\/index.php?rest_route=\/wp\/v2\/types\/post"}],"author":[{"embeddable":true,"href":"https:\/\/zonaroja.com.mx\/index.php?rest_route=\/wp\/v2\/users\/2"}],"replies":[{"embeddable":true,"href":"https:\/\/zonaroja.com.mx\/index.php?rest_route=%2Fwp%2Fv2%2Fcomments&post=4582"}],"version-history":[{"count":2,"href":"https:\/\/zonaroja.com.mx\/index.php?rest_route=\/wp\/v2\/posts\/4582\/revisions"}],"predecessor-version":[{"id":4590,"href":"https:\/\/zonaroja.com.mx\/index.php?rest_route=\/wp\/v2\/posts\/4582\/revisions\/4590"}],"wp:featuredmedia":[{"embeddable":true,"href":"https:\/\/zonaroja.com.mx\/index.php?rest_route=\/wp\/v2\/media\/4584"}],"wp:attachment":[{"href":"https:\/\/zonaroja.com.mx\/index.php?rest_route=%2Fwp%2Fv2%2Fmedia&parent=4582"}],"wp:term":[{"taxonomy":"category","embeddable":true,"href":"https:\/\/zonaroja.com.mx\/index.php?rest_route=%2Fwp%2Fv2%2Fcategories&post=4582"},{"taxonomy":"post_tag","embeddable":true,"href":"https:\/\/zonaroja.com.mx\/index.php?rest_route=%2Fwp%2Fv2%2Ftags&post=4582"}],"curies":[{"name":"wp","href":"https:\/\/api.w.org\/{rel}","templated":true}]}}