{"id":45823,"date":"2022-09-15T08:01:26","date_gmt":"2022-09-15T13:01:26","guid":{"rendered":"http:\/\/www.zonaroja.com.mx\/?p=45823"},"modified":"2022-09-15T08:01:28","modified_gmt":"2022-09-15T13:01:28","slug":"ejecutan-a-individuo-en-la-zona-metropolitana-de-la-ciudad-de-oaxaca","status":"publish","type":"post","link":"https:\/\/zonaroja.com.mx\/?p=45823","title":{"rendered":"Ejecutan a individuo en la zona metropolitana de la ciudad de Oaxaca"},"content":{"rendered":"\n<p>Redacci\u00f3n\/Zona Roja.<\/p>\n\n\n\n<p>Oaxaca de Ju\u00e1rez, Oax., a 15 de septiembre de 2022.- Por en\u00e9sima ocasi\u00f3n, na persona fue asesinada a balazos en la zona metropolitana de la ciudad de Oaxaca.<\/p>\n\n\n\n<p>Ocurri\u00f3 la madrugada de hoy, cerca de las dos de la ma\u00f1ana, en la calle Libres esquina con Mina del municipio de San Antonio de la Cal, donde sujetos desconocidos ultimaron a un individuo.<\/p>\n\n\n\n<p>Param\u00e9dicos de la comunidad arribaron al lugar pero s\u00f3lo corroboraron que la persona ya no contaba con signos vitales, mientras que polic\u00edas municipales arribaron para resguardar la escena, donde se hallaron, entre otras evidencias, al menos cuatro casquillos percutidos.<\/p>\n\n\n\n<p>Personal de la Fiscal\u00eda General del Estado de Oaxaca realizaron esta misma madrugada las indagatorias correspondientes y hasta el momento no hay personas detenidas.<\/p>\n\n\n\n<p>De manera frecuente se han registrado ejecuciones a balazos en ese municipio, pese a que en su demarcaci\u00f3n se asienta la sede de la Agencia Estatal de Investigaciones (AEI), dependiente de la Fiscal\u00eda General del Estado de Oaxaca.<\/p>\n\n\n\n<figure class=\"wp-block-embed is-type-rich is-provider-twitter wp-block-embed-twitter\"><div class=\"wp-block-embed__wrapper\">\n<div class=\"twitter-tweet\"><blockquote class=\"twitter-tweet\" data-lang=\"es\"><p lang=\"es\" dir=\"ltr\"><a href=\"https:\/\/twitter.com\/hashtag\/OaxacaRojo?src=hash&amp;ref_src=twsrc%5Etfw\">#OaxacaRojo<\/a> <br>una persona del sexo masculino, fue asesinado a balazos la madrugada de este jueves, en San Antonio de la Cal, municipio conurbado a la capital de <a href=\"https:\/\/twitter.com\/hashtag\/Oaxaca?src=hash&amp;ref_src=twsrc%5Etfw\">#Oaxaca<\/a>.<br>Video: <a href=\"https:\/\/twitter.com\/Tomas7J?ref_src=twsrc%5Etfw\">@Tomas7J<\/a>. <a href=\"https:\/\/t.co\/KF3r4J1PMR\">pic.twitter.com\/KF3r4J1PMR<\/a><\/p>&mdash; Zona Roja Oaxaca (@ZonaRoja_Oaxaca) <a href=\"https:\/\/twitter.com\/ZonaRoja_Oaxaca\/status\/1570394514774446080?ref_src=twsrc%5Etfw\">15 de septiembre de 2022<\/a><\/blockquote><\/div>\n<\/div><\/figure>\n","protected":false},"excerpt":{"rendered":"<p>Redacci\u00f3n\/Zona Roja. Oaxaca de Ju\u00e1rez, Oax., a 15 de septiembre de 2022.- Por en\u00e9sima ocasi\u00f3n,&hellip;<\/p>\n","protected":false},"author":2,"featured_media":45824,"comment_status":"closed","ping_status":"open","sticky":false,"template":"","format":"standard","meta":{"_lmt_disableupdate":"","_lmt_disable":"","_jetpack_memberships_contains_paid_content":false,"footnotes":""},"categories":[109,51],"tags":[875],"class_list":["post-45823","post","type-post","status-publish","format-standard","has-post-thumbnail","hentry","category-minuto-a-minuto","category-zona-roja","tag-san-antonio-de-la-cal"],"jetpack_featured_media_url":"https:\/\/zonaroja.com.mx\/wp-content\/uploads\/2022\/09\/Asesinado-San-Antonio-de-la-Cal.jpg","jetpack_sharing_enabled":true,"_links":{"self":[{"href":"https:\/\/zonaroja.com.mx\/index.php?rest_route=\/wp\/v2\/posts\/45823","targetHints":{"allow":["GET"]}}],"collection":[{"href":"https:\/\/zonaroja.com.mx\/index.php?rest_route=\/wp\/v2\/posts"}],"about":[{"href":"https:\/\/zonaroja.com.mx\/index.php?rest_route=\/wp\/v2\/types\/post"}],"author":[{"embeddable":true,"href":"https:\/\/zonaroja.com.mx\/index.php?rest_route=\/wp\/v2\/users\/2"}],"replies":[{"embeddable":true,"href":"https:\/\/zonaroja.com.mx\/index.php?rest_route=%2Fwp%2Fv2%2Fcomments&post=45823"}],"version-history":[{"count":1,"href":"https:\/\/zonaroja.com.mx\/index.php?rest_route=\/wp\/v2\/posts\/45823\/revisions"}],"predecessor-version":[{"id":45825,"href":"https:\/\/zonaroja.com.mx\/index.php?rest_route=\/wp\/v2\/posts\/45823\/revisions\/45825"}],"wp:featuredmedia":[{"embeddable":true,"href":"https:\/\/zonaroja.com.mx\/index.php?rest_route=\/wp\/v2\/media\/45824"}],"wp:attachment":[{"href":"https:\/\/zonaroja.com.mx\/index.php?rest_route=%2Fwp%2Fv2%2Fmedia&parent=45823"}],"wp:term":[{"taxonomy":"category","embeddable":true,"href":"https:\/\/zonaroja.com.mx\/index.php?rest_route=%2Fwp%2Fv2%2Fcategories&post=45823"},{"taxonomy":"post_tag","embeddable":true,"href":"https:\/\/zonaroja.com.mx\/index.php?rest_route=%2Fwp%2Fv2%2Ftags&post=45823"}],"curies":[{"name":"wp","href":"https:\/\/api.w.org\/{rel}","templated":true}]}}