{"id":45829,"date":"2022-09-15T08:24:11","date_gmt":"2022-09-15T13:24:11","guid":{"rendered":"http:\/\/www.zonaroja.com.mx\/?p=45829"},"modified":"2022-09-15T08:25:10","modified_gmt":"2022-09-15T13:25:10","slug":"pide-gugar-quedarse-otros-cuatro-anos-asamblea-dice-dos-anos","status":"publish","type":"post","link":"https:\/\/zonaroja.com.mx\/?p=45829","title":{"rendered":"Pide Gugar quedarse otros cuatro a\u00f1os; Coyotepec dice dos a\u00f1os"},"content":{"rendered":"\n<p>Ismael Garc\u00eda M.\/Zona Roja.<\/p>\n\n\n\n<p>Oaxaca de Ju\u00e1rez, Oax., a 15 de septiembre de 2022.- La asamblea general de San Bartolo Coyotepec determin\u00f3 darle dos a\u00f1os m\u00e1s de plazo a la empresa Gugar para que se retire totalmente del predio comunal que ocupa desde hace unas dos d\u00e9cadas.<\/p>\n\n\n\n<p>La compa\u00f1\u00eda, propiedad del empresario Carlos Guzm\u00e1n Gardeaz\u00e1bal, hab\u00eda solicitado quedarse otros cuatro a\u00f1os para devolver las casi cinco hect\u00e1reas pendientes, una vez que la noche del pasado s\u00e1bado regres\u00f3 10 hect\u00e1reas.<\/p>\n\n\n\n<p>No obstante, luego de varias horas de discusi\u00f3n, la asamblea comunitaria determin\u00f3 que s\u00f3lo dar\u00eda dos a\u00f1os y que adem\u00e1s se deber\u00e1 cumplir en ese lapso con la sentencia judicial favor de Coyotepec.<\/p>\n\n\n\n<p>Y es que la madrugada del lunes 5 de septiembre, comuneros y habitantes de ese municipio conurbado al sur de la ciudad de Oaxaca, se apoder\u00f3 de las instalaciones, que se localizan en la zona de hospitales, y cerr\u00f3 el paso vehicular, con la finalidad de recuperar sus tierras.<\/p>\n\n\n\n<p>Tras ello, el pasado s\u00e1bado 10 de septiembre, tras acuerdos de la asamblea, arrib\u00f3 el gobernador Alejandro Murat Hinojosa para atestiguar el convenio entre Coyotepec y la empresa Gugar, con la devoluci\u00f3n de 10 hect\u00e1reas.<\/p>\n\n\n\n<p>Hasta el momento, el empresario Carlos Guzm\u00e1n Gardeaz\u00e1bal no ha dado un pronunciamiento p\u00fablico y s\u00f3lo ha dado declaraciones a escasos medios de comunicaci\u00f3n de la entidad.<\/p>\n","protected":false},"excerpt":{"rendered":"<p>Ismael Garc\u00eda M.\/Zona Roja. Oaxaca de Ju\u00e1rez, Oax., a 15 de septiembre de 2022.- La&hellip;<\/p>\n","protected":false},"author":2,"featured_media":45830,"comment_status":"closed","ping_status":"open","sticky":false,"template":"","format":"standard","meta":{"_lmt_disableupdate":"","_lmt_disable":"","_jetpack_memberships_contains_paid_content":false,"footnotes":""},"categories":[109,47],"tags":[1155],"class_list":["post-45829","post","type-post","status-publish","format-standard","has-post-thumbnail","hentry","category-minuto-a-minuto","category-zona-gris","tag-san-bartolo-coyotepec"],"jetpack_featured_media_url":"https:\/\/zonaroja.com.mx\/wp-content\/uploads\/2022\/09\/Asamblea-Coyotepec-caso-Gugar.jpg","jetpack_sharing_enabled":true,"_links":{"self":[{"href":"https:\/\/zonaroja.com.mx\/index.php?rest_route=\/wp\/v2\/posts\/45829","targetHints":{"allow":["GET"]}}],"collection":[{"href":"https:\/\/zonaroja.com.mx\/index.php?rest_route=\/wp\/v2\/posts"}],"about":[{"href":"https:\/\/zonaroja.com.mx\/index.php?rest_route=\/wp\/v2\/types\/post"}],"author":[{"embeddable":true,"href":"https:\/\/zonaroja.com.mx\/index.php?rest_route=\/wp\/v2\/users\/2"}],"replies":[{"embeddable":true,"href":"https:\/\/zonaroja.com.mx\/index.php?rest_route=%2Fwp%2Fv2%2Fcomments&post=45829"}],"version-history":[{"count":2,"href":"https:\/\/zonaroja.com.mx\/index.php?rest_route=\/wp\/v2\/posts\/45829\/revisions"}],"predecessor-version":[{"id":45833,"href":"https:\/\/zonaroja.com.mx\/index.php?rest_route=\/wp\/v2\/posts\/45829\/revisions\/45833"}],"wp:featuredmedia":[{"embeddable":true,"href":"https:\/\/zonaroja.com.mx\/index.php?rest_route=\/wp\/v2\/media\/45830"}],"wp:attachment":[{"href":"https:\/\/zonaroja.com.mx\/index.php?rest_route=%2Fwp%2Fv2%2Fmedia&parent=45829"}],"wp:term":[{"taxonomy":"category","embeddable":true,"href":"https:\/\/zonaroja.com.mx\/index.php?rest_route=%2Fwp%2Fv2%2Fcategories&post=45829"},{"taxonomy":"post_tag","embeddable":true,"href":"https:\/\/zonaroja.com.mx\/index.php?rest_route=%2Fwp%2Fv2%2Ftags&post=45829"}],"curies":[{"name":"wp","href":"https:\/\/api.w.org\/{rel}","templated":true}]}}