{"id":45839,"date":"2022-09-15T14:16:06","date_gmt":"2022-09-15T19:16:06","guid":{"rendered":"https:\/\/www.zonaroja.com.mx\/?p=45839"},"modified":"2022-09-15T18:44:08","modified_gmt":"2022-09-15T23:44:08","slug":"cartel-del-despojo-relacionado-con-asesinatos-de-ivonne-gallegos-magistrado-y-funcionario-de-juchitan","status":"publish","type":"post","link":"https:\/\/zonaroja.com.mx\/?p=45839","title":{"rendered":"\u201cCartel del despojo\u201d, relacionado con asesinatos de Ivonne Gallegos, magistrado y funcionario de Juchit\u00e1n"},"content":{"rendered":"\n<p>Yuridiana Sosa\/ Zona Roja<\/p>\n\n\n\n<p>Oaxaca de Ju\u00e1rez, Oax., 15 de septiembre de 2022.- El \u201cmodus operandi\u201d del denominado \u201cC\u00e1rtel del despojo\u201d en Oaxaca fue revelado durante la conferencia ma\u00f1anera de&nbsp;este jueves, en la que se inform\u00f3 que esta red est\u00e1 vinculada a tres cr\u00edmenes, entre estos el de la candidata a edil, Ivonne Gallegos, y el magistrado del Tribunal de Justicia Administrativa del Estado de Oaxaca (TJAO), Enrique Pacheco Mart\u00ednez.<\/p>\n\n\n\n<p>Durante la explicaci\u00f3n, el subsecretario de Seguridad y Protecci\u00f3n Ciudadana, Ricardo Mej\u00eda Berdeja , tambi\u00e9n se\u00f1al\u00f3 el despojo desde supuestas organizaciones sociales, como ocurre en Santa Cruz Tagolaba de Santo Domingo Tehuantepec, donde operaba el conocido l\u00edder \u201cTacho Canasta\u201d.&nbsp;<\/p>\n\n\n\n<p>OPERACI\u00d3N&nbsp;<\/p>\n\n\n\n<p>El \u201cC\u00e1rtel del despojo\u201d, que involucra a servidores p\u00fablicos, instituciones p\u00fablicas y notarios, comenzaba con la ubicaci\u00f3n de una propiedad de inter\u00e9s por su ubicaci\u00f3n, plusval\u00eda o por no tener aparentemente un due\u00f1o, para despu\u00e9s comenzar con un falso proceso legal.&nbsp;<\/p>\n\n\n\n<p>La propiedad se investigaba en instituciones como el Registro P\u00fablico o Catastro, del orden estatal y municipal, as\u00ed como datos en el Registro Civil, y a partir de la colusi\u00f3n de notarios se simulaban actos jur\u00eddicos, como la inscripci\u00f3n a los registros del nuevo supuesto due\u00f1o, modificando escrituras; despu\u00e9s, estos predios o casas eran vendidos en algunas ocasiones.<\/p>\n\n\n\n<p>En estos procesos, a veces se involucraron grupos criminales, as\u00ed como el delito de despojo iba acompa\u00f1ado de otros delitos como violencia f\u00edsica para desalojar a los ocupantes, extorsiones, amenazas, privaci\u00f3n de la libertad y homicidios.<\/p>\n\n\n\n<p>Por el delito de despojo, inform\u00f3 Ricardo Mej\u00eda Berdeja, la Fiscal\u00eda General de Oaxaca inici\u00f3 entre marzo de 2021 a julio de 2022 un total de mil 467 carpetas de investigaci\u00f3n, de las que 14.5 por ciento (213)  est\u00e1n relacionadas con la falsificaci\u00f3n de instrumentos notariales.<\/p>\n\n\n\n<figure class=\"wp-block-embed is-type-rich is-provider-twitter wp-block-embed-twitter\"><div class=\"wp-block-embed__wrapper\">\n<div class=\"twitter-tweet\"><blockquote class=\"twitter-tweet\" data-lang=\"es\"><p lang=\"es\" dir=\"ltr\">Durante la conferencia de <a href=\"https:\/\/twitter.com\/lopezobrador_?ref_src=twsrc%5Etfw\">@lopezobrador_<\/a>, el subsecretario de la <a href=\"https:\/\/twitter.com\/SSPCMexico?ref_src=twsrc%5Etfw\">@SSPCMexico<\/a>, Ricardo Mej\u00eda, detall\u00f3 acciones del \u201cC\u00e1rtel del despojo\u201d.<br>Destac\u00f3 que en <a href=\"https:\/\/twitter.com\/hashtag\/Oaxaca?src=hash&amp;ref_src=twsrc%5Etfw\">#Oaxaca<\/a> la <a href=\"https:\/\/twitter.com\/FISCALIA_GobOax?ref_src=twsrc%5Etfw\">@FISCALIA_GOBOAX<\/a>, que encabeza <a href=\"https:\/\/twitter.com\/PeimbertArturo?ref_src=twsrc%5Etfw\">@PeimbertArturo<\/a>, ha iniciado 1,467 carpetas de investigaci\u00f3n de marzo 2021 a julio 2022 <a href=\"https:\/\/t.co\/AYADRiDeyf\">pic.twitter.com\/AYADRiDeyf<\/a><\/p>&mdash; Zona Roja Oaxaca (@ZonaRoja_Oaxaca) <a href=\"https:\/\/twitter.com\/ZonaRoja_Oaxaca\/status\/1570452565594370051?ref_src=twsrc%5Etfw\">15 de septiembre de 2022<\/a><\/blockquote><\/div>\n<\/div><\/figure>\n\n\n\n<p>LOS CR\u00cdMENES&nbsp;<\/p>\n\n\n\n<p>El subsecretario de Seguridad y Protecci\u00f3n Ciudadana, Ricardo Mej\u00eda Berdeja , se\u00f1al\u00f3 que est\u00e1n vinculados a la din\u00e1mica delincuencial del despojo los homicidios de la candidata a presidenta de Ocotl\u00e1n de Morelos y ex diputada, Ivonne Gallegos; el magistrado del Tribunal de Justicia Administrativa del Estado de Oaxaca (TJAO), Enrique Pacheco Mart\u00ednez, y el Carlos Eduardo L\u00f3pez, asesor del ayuntamiento de Juchit\u00e1n de Zaragoza, operador financiero electoral de Morena a nivel municipal y vinculado a la organizaci\u00f3n Frente Unido de Comunidades Oaxaque\u00f1a (FUCO).<\/p>\n\n\n\n<p>Por esos hechos, servidores p\u00fablicos y al menos seis notarios se encuentran vinculados por despojo en el estado de Oaxaca.<\/p>\n\n\n\n<p>Dichos homicidios ocurrieron entre marzo de 2021 y junio de 2022.&nbsp;<\/p>\n\n\n\n<p>DESPOJO EN EL ISTMO&nbsp;<\/p>\n\n\n\n<p>Bajo el nombre de supuestas organizaciones sociales tambi\u00e9n se ha cometido el delito de despojo, acompa\u00f1ado de otros como privaci\u00f3n de la libertad, robo y da\u00f1os.&nbsp;<\/p>\n\n\n\n<p>En Santa Cruz Tagolaba, de Santo Domingo Tehuantepec, se ubic\u00f3 una amplia red, de la que m\u00e1s de 30 miembros han sido vinculados por su posible responsabilidad.<\/p>\n\n\n\n<p>Entre los l\u00edderes, con participaci\u00f3n en organizaciones, Anastasio \u201cN\u201d, conocido como \u201cTacho Canasta\u201d \u2013desde hace varios a\u00f1os- contra quien la Fiscal\u00eda de Oaxaca abri\u00f3 23 carpetas de investigaci\u00f3n por delitos de despojo, robo espec\u00edfico y privaci\u00f3n ilegal de la libertad.<\/p>\n\n\n\n<p>La importancia de los terrenos de los que se apropiaba ilegalmente deriva en su localizaci\u00f3n en torno al desarrollo de los proyectos federales del Corredor Interoce\u00e1nico.<\/p>\n\n\n\n<p>Los despojos en esta regi\u00f3n no se limitan a la propiedad privada, tambi\u00e9n act\u00faan contra inmuebles p\u00fablicos, como ocurri\u00f3 el pasado&nbsp;28 de junio, donde liderados por Sergio \u201cN\u201d- aliado de Anastasio N.- un grupo de 50 personas portando machetes se presentaron en un inmueble del ISSSTE donde trabajaba integrantes de una empresa privada en servicios integrales de remodelaci\u00f3n, y privaron de la libertad a una persona, para obligarla a firmar un acta.&nbsp;<\/p>\n\n\n\n<p>Casos de este tipo ser\u00e1n expuestos peri\u00f3dicamente en la conferencia ma\u00f1anera, se\u00f1alo el funcionario de seguridad.<\/p>\n","protected":false},"excerpt":{"rendered":"<p>Yuridiana Sosa\/ Zona Roja Oaxaca de Ju\u00e1rez, Oax., 15 de septiembre de 2022.- El \u201cmodus&hellip;<\/p>\n","protected":false},"author":2,"featured_media":45851,"comment_status":"closed","ping_status":"open","sticky":false,"template":"","format":"standard","meta":{"_lmt_disableupdate":"","_lmt_disable":"","_jetpack_memberships_contains_paid_content":false,"footnotes":""},"categories":[109,47],"tags":[],"class_list":["post-45839","post","type-post","status-publish","format-standard","has-post-thumbnail","hentry","category-minuto-a-minuto","category-zona-gris"],"jetpack_featured_media_url":"https:\/\/zonaroja.com.mx\/wp-content\/uploads\/2022\/09\/Vinculados-cartel-del-despojo-Oaxaca.webp","jetpack_sharing_enabled":true,"_links":{"self":[{"href":"https:\/\/zonaroja.com.mx\/index.php?rest_route=\/wp\/v2\/posts\/45839","targetHints":{"allow":["GET"]}}],"collection":[{"href":"https:\/\/zonaroja.com.mx\/index.php?rest_route=\/wp\/v2\/posts"}],"about":[{"href":"https:\/\/zonaroja.com.mx\/index.php?rest_route=\/wp\/v2\/types\/post"}],"author":[{"embeddable":true,"href":"https:\/\/zonaroja.com.mx\/index.php?rest_route=\/wp\/v2\/users\/2"}],"replies":[{"embeddable":true,"href":"https:\/\/zonaroja.com.mx\/index.php?rest_route=%2Fwp%2Fv2%2Fcomments&post=45839"}],"version-history":[{"count":2,"href":"https:\/\/zonaroja.com.mx\/index.php?rest_route=\/wp\/v2\/posts\/45839\/revisions"}],"predecessor-version":[{"id":45852,"href":"https:\/\/zonaroja.com.mx\/index.php?rest_route=\/wp\/v2\/posts\/45839\/revisions\/45852"}],"wp:featuredmedia":[{"embeddable":true,"href":"https:\/\/zonaroja.com.mx\/index.php?rest_route=\/wp\/v2\/media\/45851"}],"wp:attachment":[{"href":"https:\/\/zonaroja.com.mx\/index.php?rest_route=%2Fwp%2Fv2%2Fmedia&parent=45839"}],"wp:term":[{"taxonomy":"category","embeddable":true,"href":"https:\/\/zonaroja.com.mx\/index.php?rest_route=%2Fwp%2Fv2%2Fcategories&post=45839"},{"taxonomy":"post_tag","embeddable":true,"href":"https:\/\/zonaroja.com.mx\/index.php?rest_route=%2Fwp%2Fv2%2Ftags&post=45839"}],"curies":[{"name":"wp","href":"https:\/\/api.w.org\/{rel}","templated":true}]}}