{"id":45841,"date":"2022-09-15T15:53:14","date_gmt":"2022-09-15T20:53:14","guid":{"rendered":"http:\/\/www.zonaroja.com.mx\/?p=45841"},"modified":"2022-09-15T15:53:16","modified_gmt":"2022-09-15T20:53:16","slug":"a-unas-horas-del-grito-de-independencia-siguen-protestas-en-oaxaca","status":"publish","type":"post","link":"https:\/\/zonaroja.com.mx\/?p=45841","title":{"rendered":"A unas horas del Grito de Independencia, siguen protestas en Oaxaca"},"content":{"rendered":"\n<p>Redacci\u00f3n\/Zona Roja.<\/p>\n\n\n\n<p>Oaxaca de Ju\u00e1rez, Oax., a 12 de septiembre de 2022.- A menos de ocho horas de la ceremonia del Grito de Independencia en Oaxaca, contin\u00faan al menos cuatro protestas en la capital y en la regi\u00f3n Sierra Sur.<\/p>\n\n\n\n<p>Integrantes de la organizaci\u00f3n Unidad de Bienestar Social de la Regi\u00f3n Triqui (Ubisort) cerraron la calle Segunda Privada de Emilio Carranza, en la colonia Reforma de la capital, donde se localiza una oficina alterna de la Secretar\u00eda de Finanzas del gobierno estatal.<\/p>\n\n\n\n<p>Ello para exigir recursos financieros, para supuestas obras en la regi\u00f3n Mixteca, seg\u00fan inform\u00f3 un individuo que se identific\u00f3 como Carlos Lorenzo.<\/p>\n\n\n\n<p>Asegur\u00f3 que la Secretar\u00eda de Finanzas que encabeza Jorge Hidalgo Tirado, es la que no les ha entregado los recursos, pese a acuerdos ya avalados con el gobernador Alejandro Murat Hinojosa y el secretario General de Gobierno, Francisco Garc\u00eda L\u00f3pez.<\/p>\n\n\n\n<figure class=\"wp-block-embed is-type-rich is-provider-twitter wp-block-embed-twitter\"><div class=\"wp-block-embed__wrapper\">\n<div class=\"twitter-tweet\"><blockquote class=\"twitter-tweet\" data-lang=\"es\"><p lang=\"es\" dir=\"ltr\"><a href=\"https:\/\/twitter.com\/hashtag\/%C3%9AltimoMinuto?src=hash&amp;ref_src=twsrc%5Etfw\">#\u00daltimoMinuto<\/a> <br>No cesan las protestas en la capital de <a href=\"https:\/\/twitter.com\/hashtag\/Oaxaca?src=hash&amp;ref_src=twsrc%5Etfw\">#Oaxaca<\/a>. <br>Ahora es la oficialista organizaci\u00f3n Ubisort, que acude a la oficina alterna de la <a href=\"https:\/\/twitter.com\/SEFINGobOax?ref_src=twsrc%5Etfw\">@SEFINGobOax<\/a>, en la colonia Reforma, para exigir dinero y obras, supuestamente para las comunidades. <a href=\"https:\/\/t.co\/8VC59NzAUB\">pic.twitter.com\/8VC59NzAUB<\/a><\/p>&mdash; Zona Roja Oaxaca (@ZonaRoja_Oaxaca) <a href=\"https:\/\/twitter.com\/ZonaRoja_Oaxaca\/status\/1570469432375361537?ref_src=twsrc%5Etfw\">15 de septiembre de 2022<\/a><\/blockquote><\/div>\n<\/div><\/figure>\n\n\n\n<p>En tanto que Integrantes de la Alianza de Pueblos por la Justicia Social, tras dar conferencias de prensa, permanecen en inmediaciones del parque del Amor y amagan con volver a manifestarse.<\/p>\n\n\n\n<p>En el z\u00f3calo -blindado ya con polic\u00edas y vallas-, a un costado de la Catedral, don Agust\u00edn Gonz\u00e1lez Monta\u00f1o instal\u00f3 desde ayer por la ma\u00f1ana un m\u00f3dulo con pancartas, donde realiza una huelga de hambre, para insistir en la b\u00fasqueda de su hijo Jes\u00fas Alejandro Gonz\u00e1lez.<\/p>\n\n\n\n<p>Mientras que pobladores de agencias de San Mateo R\u00edo Hondo mantienen por segunda semana un bloqueo a la carretera Oaxaca-Puerto \u00c1ngel, a la altura de San Jos\u00e9 del Pac\u00edfico, para exigir la destituci\u00f3n del edil y la entrega de recursos presupuestales de este a\u00f1o.<\/p>\n\n\n\n<p>De manera temporal dan paso a los veh\u00edculos de motor, pese a lo cual se han formado kil\u00f3metros de unidades de motor varadas.<\/p>\n","protected":false},"excerpt":{"rendered":"<p>Redacci\u00f3n\/Zona Roja. Oaxaca de Ju\u00e1rez, Oax., a 12 de septiembre de 2022.- A menos de&hellip;<\/p>\n","protected":false},"author":2,"featured_media":45842,"comment_status":"closed","ping_status":"open","sticky":false,"template":"","format":"standard","meta":{"_lmt_disableupdate":"","_lmt_disable":"","_jetpack_memberships_contains_paid_content":false,"footnotes":""},"categories":[109,47],"tags":[2264],"class_list":["post-45841","post","type-post","status-publish","format-standard","has-post-thumbnail","hentry","category-minuto-a-minuto","category-zona-gris","tag-bloqueos-y-protestas-oaxaca"],"jetpack_featured_media_url":"https:\/\/zonaroja.com.mx\/wp-content\/uploads\/2022\/09\/Protesta-de-la-Ubisort-en-la-ciudad-de-Oaxaca.jpg","jetpack_sharing_enabled":true,"_links":{"self":[{"href":"https:\/\/zonaroja.com.mx\/index.php?rest_route=\/wp\/v2\/posts\/45841","targetHints":{"allow":["GET"]}}],"collection":[{"href":"https:\/\/zonaroja.com.mx\/index.php?rest_route=\/wp\/v2\/posts"}],"about":[{"href":"https:\/\/zonaroja.com.mx\/index.php?rest_route=\/wp\/v2\/types\/post"}],"author":[{"embeddable":true,"href":"https:\/\/zonaroja.com.mx\/index.php?rest_route=\/wp\/v2\/users\/2"}],"replies":[{"embeddable":true,"href":"https:\/\/zonaroja.com.mx\/index.php?rest_route=%2Fwp%2Fv2%2Fcomments&post=45841"}],"version-history":[{"count":1,"href":"https:\/\/zonaroja.com.mx\/index.php?rest_route=\/wp\/v2\/posts\/45841\/revisions"}],"predecessor-version":[{"id":45843,"href":"https:\/\/zonaroja.com.mx\/index.php?rest_route=\/wp\/v2\/posts\/45841\/revisions\/45843"}],"wp:featuredmedia":[{"embeddable":true,"href":"https:\/\/zonaroja.com.mx\/index.php?rest_route=\/wp\/v2\/media\/45842"}],"wp:attachment":[{"href":"https:\/\/zonaroja.com.mx\/index.php?rest_route=%2Fwp%2Fv2%2Fmedia&parent=45841"}],"wp:term":[{"taxonomy":"category","embeddable":true,"href":"https:\/\/zonaroja.com.mx\/index.php?rest_route=%2Fwp%2Fv2%2Fcategories&post=45841"},{"taxonomy":"post_tag","embeddable":true,"href":"https:\/\/zonaroja.com.mx\/index.php?rest_route=%2Fwp%2Fv2%2Ftags&post=45841"}],"curies":[{"name":"wp","href":"https:\/\/api.w.org\/{rel}","templated":true}]}}