{"id":45846,"date":"2022-09-15T16:14:54","date_gmt":"2022-09-15T21:14:54","guid":{"rendered":"http:\/\/www.zonaroja.com.mx\/?p=45846"},"modified":"2022-09-15T16:14:56","modified_gmt":"2022-09-15T21:14:56","slug":"encabeza-presidenta-del-ieepco-reunion-con-legisladoras-en-el-congreso","status":"publish","type":"post","link":"https:\/\/zonaroja.com.mx\/?p=45846","title":{"rendered":"Encabeza presidenta del IEEPCO reuni\u00f3n con legisladoras en el Congreso"},"content":{"rendered":"\n<p>Redacci\u00f3n\/Zona Roja.<\/p>\n\n\n\n<p>Oaxaca de Ju\u00e1rez, Oax., a 15 de septiembre de 2022.- La consejera presidenta del Instituto Estatal Electoral y de Participaci\u00f3n Ciudadana de Oaxaca (IEEPCO), Elizabeth S\u00e1nchez Gonz\u00e1lez, sostuvo una reuni\u00f3n de trabajo con diputadas de la LXV Legislatura local para dar a conocer los avances en materia de paridad de g\u00e9nero en los municipios que se rigen por Sistemas Normativos Ind\u00edgenas (SNI).&nbsp;<\/p>\n\n\n\n<p>Durante el encuentro que se llev\u00f3 a cabo en un marco de respeto mutuo entre instituciones, S\u00e1nchez Gonz\u00e1lez explic\u00f3 que, de los 415 municipios que este a\u00f1o nombrar\u00e1n a sus autoridades, hasta el momento 86 han celebrado su Asamblea para la integraci\u00f3n de su Cabildo y 57 de estos ya han remitido su documentaci\u00f3n al \u00f3rgano electoral para la integraci\u00f3n de su expediente y posterior revisi\u00f3n. &nbsp;<\/p>\n\n\n\n<p>As\u00ed mismo, detall\u00f3 que en las \u00faltimas semanas el Consejo General ha declarado la validez de 10 Asambleas, por unanimidad de votos; y 3 m\u00e1s, han sido declaradas como no v\u00e1lidas, por mayor\u00eda de votos de las consejeras y consejeros, esto \u00faltimo al no quedar integrado su Cabildo de manera paritaria.&nbsp;<\/p>\n\n\n\n<p>La consejera presidenta del IEEPCO se\u00f1al\u00f3 que a fin de cumplir con la Reforma Constitucional en materia de Paridad y con el respaldo del Instituto Nacional de los Pueblos Ind\u00edgenas (INPI), se han llevado a cabo m\u00e1s 60 talleres dando cobertura a 230 municipios aproximadamente, a fin de explicar la disposici\u00f3n legislativa y sus implicaciones a las comunidades que eligen a sus autoridades por sistemas propios de determinaci\u00f3n.&nbsp;<\/p>\n\n\n\n<p>En este mismo sentido, y en coordinaci\u00f3n con el Instituto Nacional de las Mujeres (INMUJERES), se han realizado procesos formativos no solo para habitantes de pueblos y comunidades ind\u00edgenas, sino tambi\u00e9n para que el personal del \u00f3rgano electoral cuente con una visi\u00f3n intercultural que pueda incorporar en sus actividades. &nbsp;<\/p>\n\n\n\n<p>S\u00e1nchez Gonz\u00e1lez tambi\u00e9n escuch\u00f3 a regidoras de diversos municipios e integrantes de la Uni\u00f3n Liberal de Autoridades de la Sierra Ju\u00e1rez, quienes solicitaron al Congreso local que la integraci\u00f3n de las mujeres a los Cabildos se lleve a cabo de manera progresiva y diferenciada, a fin de que no resulte una carga extra y una violaci\u00f3n a los derechos comunitarios. &nbsp;<\/p>\n\n\n\n<p>Por ello y de manera particular, se pronunci\u00f3 a favor de que el Congreso modifique el Decreto 1511, en caso de considerarlo pertinente y de acuerdo a sus facultades; particularmente en torno al plazo impuesto para la integraci\u00f3n de los Cabildos con igual n\u00famero de mujeres y hombres, ya que dijo, el principio de paridad no debe confrontarse con el derecho a la libre determinaci\u00f3n y autonom\u00eda de los pueblos y comunidades ind\u00edgenas, garantizado en la Constituci\u00f3n. &nbsp;<\/p>\n\n\n\n<p>Sin embargo, fue enf\u00e1tica al se\u00f1alar que las modificaciones que se lleguen a realizar no deben, bajo ninguna circunstancia, convertirse en un retroceso en los avances conseguidos por las mujeres para ejercer sus derechos en igualdad de condiciones que los varones.&nbsp; &nbsp;<\/p>\n\n\n\n<p>Finalmente, destac\u00f3 que el derecho a la participaci\u00f3n pol\u00edtica de las mujeres, como todo derecho humano, debe ser considerado interdependiente a los dem\u00e1s,&nbsp; ya que a la par de la inclusi\u00f3n de las mujeres en la vida p\u00fablica se debe garantizar su derecho a la salud, educaci\u00f3n, empoderamiento econ\u00f3mico, a una vida libre de violencia, entre muchos m\u00e1s que no pueden, ni deben ir separados.<\/p>\n\n\n\n<p>Durante la reuni\u00f3n estuvieron presentes las diputadas: Yesenia Nolasco Ram\u00edrez, Laura Estrada Mauro, Nancy Ben\u00edtez Z\u00e1rate, Melina Hern\u00e1ndez Sosa, Rosalinda L\u00f3pez, Hayde\u00e9 Reyes Soto y Natividad D\u00edaz Jim\u00e9nez, quienes acordaron analizar a fondo la iniciativa que ya fue presentada al interior del Recinto, trabajar en conjunto para poder romper las brechas de g\u00e9nero y desigualdades que a\u00fan enfrentan las mujeres.&nbsp;<\/p>\n","protected":false},"excerpt":{"rendered":"<p>Redacci\u00f3n\/Zona Roja. Oaxaca de Ju\u00e1rez, Oax., a 15 de septiembre de 2022.- La consejera presidenta&hellip;<\/p>\n","protected":false},"author":2,"featured_media":45844,"comment_status":"closed","ping_status":"open","sticky":false,"template":"","format":"standard","meta":{"_lmt_disableupdate":"","_lmt_disable":"","_jetpack_memberships_contains_paid_content":false,"footnotes":""},"categories":[109,46],"tags":[2932],"class_list":["post-45846","post","type-post","status-publish","format-standard","has-post-thumbnail","hentry","category-minuto-a-minuto","category-zona-blanca","tag-instituto-estatal-electoral-y-de-participacion-ciudadana-de-oaxaca-ieepco"],"jetpack_featured_media_url":"https:\/\/zonaroja.com.mx\/wp-content\/uploads\/2022\/09\/IEEPCO-reunion-Congreso.jpeg","jetpack_sharing_enabled":true,"_links":{"self":[{"href":"https:\/\/zonaroja.com.mx\/index.php?rest_route=\/wp\/v2\/posts\/45846","targetHints":{"allow":["GET"]}}],"collection":[{"href":"https:\/\/zonaroja.com.mx\/index.php?rest_route=\/wp\/v2\/posts"}],"about":[{"href":"https:\/\/zonaroja.com.mx\/index.php?rest_route=\/wp\/v2\/types\/post"}],"author":[{"embeddable":true,"href":"https:\/\/zonaroja.com.mx\/index.php?rest_route=\/wp\/v2\/users\/2"}],"replies":[{"embeddable":true,"href":"https:\/\/zonaroja.com.mx\/index.php?rest_route=%2Fwp%2Fv2%2Fcomments&post=45846"}],"version-history":[{"count":1,"href":"https:\/\/zonaroja.com.mx\/index.php?rest_route=\/wp\/v2\/posts\/45846\/revisions"}],"predecessor-version":[{"id":45847,"href":"https:\/\/zonaroja.com.mx\/index.php?rest_route=\/wp\/v2\/posts\/45846\/revisions\/45847"}],"wp:featuredmedia":[{"embeddable":true,"href":"https:\/\/zonaroja.com.mx\/index.php?rest_route=\/wp\/v2\/media\/45844"}],"wp:attachment":[{"href":"https:\/\/zonaroja.com.mx\/index.php?rest_route=%2Fwp%2Fv2%2Fmedia&parent=45846"}],"wp:term":[{"taxonomy":"category","embeddable":true,"href":"https:\/\/zonaroja.com.mx\/index.php?rest_route=%2Fwp%2Fv2%2Fcategories&post=45846"},{"taxonomy":"post_tag","embeddable":true,"href":"https:\/\/zonaroja.com.mx\/index.php?rest_route=%2Fwp%2Fv2%2Ftags&post=45846"}],"curies":[{"name":"wp","href":"https:\/\/api.w.org\/{rel}","templated":true}]}}