{"id":45857,"date":"2022-09-15T19:41:13","date_gmt":"2022-09-16T00:41:13","guid":{"rendered":"http:\/\/www.zonaroja.com.mx\/?p=45857"},"modified":"2022-09-15T19:41:15","modified_gmt":"2022-09-16T00:41:15","slug":"robos-golpes-y-agresiones-a-la-sociedad-saldo-de-manifestaciones","status":"publish","type":"post","link":"https:\/\/zonaroja.com.mx\/?p=45857","title":{"rendered":"Robos, golpes y agresiones a la sociedad, saldo de manifestaciones"},"content":{"rendered":"\n<p>&nbsp;Yuridiana Sosa\/Zona Roja.<\/p>\n\n\n\n<p>Oaxaca de Ju\u00e1rez, Oax., 15 de septiembre de 2022.- \u201c\u00a1No le pegues!\u201d \u201c\u00a1No le pegues!\u201d, grit\u00f3 con desesperaci\u00f3n un hombre para detener la golpiza que recib\u00eda un ciudadano que atravesaba un bloqueo.<\/p>\n\n\n\n<p>La escena se repiti\u00f3 esta semana en distintos puntos de la ciudad de Oaxaca ante la impunidad con la que actuaron las organizaciones sociales.<\/p>\n\n\n\n<p>Agresiones f\u00edsicas, verbales, amenazas, amedrentaci\u00f3n y robo de mercanc\u00eda fueron algunos de los actos que integrantes de organizaciones, supuestamente sociales, cometieron contra la poblaci\u00f3n durante tres d\u00edas de bloqueos en distintos puntos de la capital y zona metropolitana.<\/p>\n\n\n\n<p>Atravesar un bloqueo se ha convertido en un sitio minado en Oaxaca, en el que cualquier expresi\u00f3n de inconformidad sobre la afectaci\u00f3n es motivo de agresiones contra el ciudadano. Incluso, hasta sin decir nada.<\/p>\n\n\n\n<p>Las calles dejaron de ser libres por tres d\u00edas; tuvieron due\u00f1os que arbitrariamente tambi\u00e9n robaron la tranquilidad del resto de la poblaci\u00f3n sobre la seguridad para movilizarse; si a pie fue complicado, para los motociclistas casi fue imposible en varios puntos.<\/p>\n\n\n\n<p>Las acciones violentas tuvieron como consecuencia, entre otras, que dos oaxaque\u00f1os terminaran en el suelo en su paso por calles cerradas por manifestantes. Uno, golpeado con palos y a patadas en inmediaciones del parque del \u201cAmor\u201d, en la capital. Solo procur\u00f3 cubrirse al verse indefenso.<\/p>\n\n\n\n<p>&nbsp;\u201c\u00a1No le pegues!\u201d \u201c\u00a1No le pegues!\u201d, fueron los gritos que lo salvaron de los violentos manifestantes.<\/p>\n\n\n\n<p>La jornada violenta se repiti\u00f3 el mi\u00e9rcoles en al crucero en Aeropuerto Internacional, sobre carretera 175 Oaxaca-Puerto \u00c1ngel, donde dos integrantes de organizaciones detuvieron a empujones el paso de un ciudadano.<\/p>\n\n\n\n<p>Im\u00e1genes de c\u00e1maras de vigilancia dieron cuenta de los hechos, en el que se aprecia al peat\u00f3n realizar ademanes aparentemente en reclamo por el bloqueo de tres d\u00edas. Sobre \u00e9l se van dos manifestantes que lo empujan a tirarlo y lanzar sus pertenencias.<\/p>\n\n\n\n<p>Mientras que durante el primer d\u00eda, integrantes de organizaciones robaron de un tr\u00e1iler \u2013detenido en el bloqueo- la mercanc\u00eda de rejas con pollo vivos.<\/p>\n\n\n\n<p>SE VICTIMIZAN<\/p>\n\n\n\n<p>Luego de ser desalojados de forma violenta anoche -presuntamente por habitantes de San Agust\u00edn de las Juntas, aunque otras versiones aseguran que fueron transportistas de un sindicato- del bloqueo del crucero del Aeropuerto Internacional, del que resultaron lesionado siete personas, los integrantes de las organizaciones se se\u00f1alaron como v\u00edctimas del Gobierno del Estado.<\/p>\n\n\n\n<p>Los integrantes de la Alianza de los Pueblos por la Justicia Social -que conforman una docena de grupos- apuntaron en conferencia de prensa hoy, que el gobierno de Oaxaca envi\u00f3 a un grupo de choque para desalojarlos, negando que se tratara de un acto del mismo pueblo.<\/p>\n\n\n\n<p>Primero en el parque del Amor y luego frente a la sede de la Defensor\u00eda de los Derechos Humanos del Pueblo de Oaxaca, se dijeron agredidos, pero no reconocieron las agresiones que cometieron sus afiliados, durante los tres d\u00edas de bloqueos.<\/p>\n\n\n\n<p>En tanto, el gobierno estatal no ha informado sobre detenciones o investigaci\u00f3n de los hechos delictivos ocurridos durante los tres \u00faltimos d\u00edas, durante m\u00faltiples protestas y cierre de vialidades.<\/p>\n","protected":false},"excerpt":{"rendered":"<p>&nbsp;Yuridiana Sosa\/Zona Roja. Oaxaca de Ju\u00e1rez, Oax., 15 de septiembre de 2022.- \u201c\u00a1No le pegues!\u201d&hellip;<\/p>\n","protected":false},"author":2,"featured_media":45845,"comment_status":"closed","ping_status":"open","sticky":false,"template":"","format":"standard","meta":{"_lmt_disableupdate":"","_lmt_disable":"","_jetpack_memberships_contains_paid_content":false,"footnotes":""},"categories":[109,47],"tags":[2254],"class_list":["post-45857","post","type-post","status-publish","format-standard","has-post-thumbnail","hentry","category-minuto-a-minuto","category-zona-gris","tag-protestas-y-bloqueos-oaxaca"],"jetpack_featured_media_url":"https:\/\/zonaroja.com.mx\/wp-content\/uploads\/2022\/09\/Golpeado-organizaciones-sociales-Oaaxaca.jpg","jetpack_sharing_enabled":true,"_links":{"self":[{"href":"https:\/\/zonaroja.com.mx\/index.php?rest_route=\/wp\/v2\/posts\/45857","targetHints":{"allow":["GET"]}}],"collection":[{"href":"https:\/\/zonaroja.com.mx\/index.php?rest_route=\/wp\/v2\/posts"}],"about":[{"href":"https:\/\/zonaroja.com.mx\/index.php?rest_route=\/wp\/v2\/types\/post"}],"author":[{"embeddable":true,"href":"https:\/\/zonaroja.com.mx\/index.php?rest_route=\/wp\/v2\/users\/2"}],"replies":[{"embeddable":true,"href":"https:\/\/zonaroja.com.mx\/index.php?rest_route=%2Fwp%2Fv2%2Fcomments&post=45857"}],"version-history":[{"count":1,"href":"https:\/\/zonaroja.com.mx\/index.php?rest_route=\/wp\/v2\/posts\/45857\/revisions"}],"predecessor-version":[{"id":45858,"href":"https:\/\/zonaroja.com.mx\/index.php?rest_route=\/wp\/v2\/posts\/45857\/revisions\/45858"}],"wp:featuredmedia":[{"embeddable":true,"href":"https:\/\/zonaroja.com.mx\/index.php?rest_route=\/wp\/v2\/media\/45845"}],"wp:attachment":[{"href":"https:\/\/zonaroja.com.mx\/index.php?rest_route=%2Fwp%2Fv2%2Fmedia&parent=45857"}],"wp:term":[{"taxonomy":"category","embeddable":true,"href":"https:\/\/zonaroja.com.mx\/index.php?rest_route=%2Fwp%2Fv2%2Fcategories&post=45857"},{"taxonomy":"post_tag","embeddable":true,"href":"https:\/\/zonaroja.com.mx\/index.php?rest_route=%2Fwp%2Fv2%2Ftags&post=45857"}],"curies":[{"name":"wp","href":"https:\/\/api.w.org\/{rel}","templated":true}]}}