{"id":45859,"date":"2022-09-15T20:13:24","date_gmt":"2022-09-16T01:13:24","guid":{"rendered":"http:\/\/www.zonaroja.com.mx\/?p=45859"},"modified":"2022-09-15T20:13:26","modified_gmt":"2022-09-16T01:13:26","slug":"registra-este-jueves-dos-homicidios-en-valles-centrales-de-oaxaca","status":"publish","type":"post","link":"https:\/\/zonaroja.com.mx\/?p=45859","title":{"rendered":"Registra este jueves dos homicidios en Valles Centrales de Oaxaca"},"content":{"rendered":"\n<p>Redacci\u00f3n\/Zona Roja.<\/p>\n\n\n\n<p>Oaxaca de Ju\u00e1rez, Oax., a 15 de septiembre de 2022.- Dos personas perdieron la vida, hasta el momento por causas desconocidas, en dos sitios de la zona metropolitana de la ciudad de Oaxaca.<\/p>\n\n\n\n<p>Un cuerpo fue localizado esta tarde en el lecho del r\u00edo \u201cAtoyac\u201d, a la altura de la colonia colonia Nuevo M\u00e9xico, del municipio de San Jacinto Amilpas.<\/p>\n\n\n\n<p>Fue rescatados por personal del Heroico Cuerpo de Bomberos y a\u00fan no se cuenta con la identidad de la v\u00edctima.<\/p>\n\n\n\n<p>Mientras que la ma\u00f1ana de hoy, a un costado de la carretera federal 190, a la altura del fraccionamiento El Retiro de Santa Maria El Tule, a unos 10 kil\u00f3metros al oriente de la capital, fue localizado otro cuerpo.<\/p>\n\n\n\n<p>Se trata de una persona del sexo masculino, cuya identidad se desconoce, que portaba una camisa manga larga a cuadros, color azul con blanco, y un pantal\u00f3n de mezclilla de color azul.<\/p>\n\n\n\n<p>A\u00fan se desconoce si se trata de homicidios dolosos o de tipo culposo, por lo que la Fiscal\u00eda General del Estado abri\u00f3 las respectivas Carpetas de Investigaci\u00f3n.<\/p>\n\n\n\n<figure class=\"wp-block-embed is-type-rich is-provider-twitter wp-block-embed-twitter\"><div class=\"wp-block-embed__wrapper\">\n<div class=\"twitter-tweet\"><blockquote class=\"twitter-tweet\" data-lang=\"es\"><p lang=\"es\" dir=\"ltr\"><a href=\"https:\/\/twitter.com\/hashtag\/%C3%9AltimoMinuto?src=hash&amp;ref_src=twsrc%5Etfw\">#\u00daltimoMinuto<\/a> <br>Dos cuerpos sin vida de personas del sexo masculino han sido localizados hoy en Oaxaca. <br>Uno en las riberas del r\u00edo \u201cAtoyac\u201d, jurisdicci\u00f3n de San Jacinto Amilpas.<br>Otro, en inmediaciones de Santa Mar\u00eda El Tule.<br>En ambos casos a\u00fan se desconoce la causa de la muerte. <a href=\"https:\/\/t.co\/RfGkmPNOL7\">pic.twitter.com\/RfGkmPNOL7<\/a><\/p>&mdash; Zona Roja Oaxaca (@ZonaRoja_Oaxaca) <a href=\"https:\/\/twitter.com\/ZonaRoja_Oaxaca\/status\/1570552475048103936?ref_src=twsrc%5Etfw\">15 de septiembre de 2022<\/a><\/blockquote><\/div>\n<\/div><\/figure>\n","protected":false},"excerpt":{"rendered":"<p>Redacci\u00f3n\/Zona Roja. Oaxaca de Ju\u00e1rez, Oax., a 15 de septiembre de 2022.- Dos personas perdieron&hellip;<\/p>\n","protected":false},"author":2,"featured_media":45860,"comment_status":"closed","ping_status":"open","sticky":false,"template":"","format":"standard","meta":{"_lmt_disableupdate":"","_lmt_disable":"","_jetpack_memberships_contains_paid_content":false,"footnotes":""},"categories":[109,51],"tags":[],"class_list":["post-45859","post","type-post","status-publish","format-standard","has-post-thumbnail","hentry","category-minuto-a-minuto","category-zona-roja"],"jetpack_featured_media_url":"https:\/\/zonaroja.com.mx\/wp-content\/uploads\/2022\/09\/Cuerpo-sin-vida-El-Tule-Oaxaca.jpg","jetpack_sharing_enabled":true,"_links":{"self":[{"href":"https:\/\/zonaroja.com.mx\/index.php?rest_route=\/wp\/v2\/posts\/45859","targetHints":{"allow":["GET"]}}],"collection":[{"href":"https:\/\/zonaroja.com.mx\/index.php?rest_route=\/wp\/v2\/posts"}],"about":[{"href":"https:\/\/zonaroja.com.mx\/index.php?rest_route=\/wp\/v2\/types\/post"}],"author":[{"embeddable":true,"href":"https:\/\/zonaroja.com.mx\/index.php?rest_route=\/wp\/v2\/users\/2"}],"replies":[{"embeddable":true,"href":"https:\/\/zonaroja.com.mx\/index.php?rest_route=%2Fwp%2Fv2%2Fcomments&post=45859"}],"version-history":[{"count":1,"href":"https:\/\/zonaroja.com.mx\/index.php?rest_route=\/wp\/v2\/posts\/45859\/revisions"}],"predecessor-version":[{"id":45861,"href":"https:\/\/zonaroja.com.mx\/index.php?rest_route=\/wp\/v2\/posts\/45859\/revisions\/45861"}],"wp:featuredmedia":[{"embeddable":true,"href":"https:\/\/zonaroja.com.mx\/index.php?rest_route=\/wp\/v2\/media\/45860"}],"wp:attachment":[{"href":"https:\/\/zonaroja.com.mx\/index.php?rest_route=%2Fwp%2Fv2%2Fmedia&parent=45859"}],"wp:term":[{"taxonomy":"category","embeddable":true,"href":"https:\/\/zonaroja.com.mx\/index.php?rest_route=%2Fwp%2Fv2%2Fcategories&post=45859"},{"taxonomy":"post_tag","embeddable":true,"href":"https:\/\/zonaroja.com.mx\/index.php?rest_route=%2Fwp%2Fv2%2Ftags&post=45859"}],"curies":[{"name":"wp","href":"https:\/\/api.w.org\/{rel}","templated":true}]}}