{"id":4586,"date":"2019-10-06T08:15:41","date_gmt":"2019-10-06T13:15:41","guid":{"rendered":"http:\/\/www.zonaroja.com.mx\/?p=4586"},"modified":"2019-10-06T08:32:34","modified_gmt":"2019-10-06T13:32:34","slug":"suman-cuatro-asesinados-el-viernes-el-segundo-en-zaachila","status":"publish","type":"post","link":"https:\/\/zonaroja.com.mx\/?p=4586","title":{"rendered":"Suman cuatro asesinados el s\u00e1bado; el segundo en Zaachila"},"content":{"rendered":"\n<p>Redacci\u00f3n\/Zona Roja.<\/p>\n\n\n\n<p>Oaxaca de Ju\u00e1rez, Oax., 6 de octubre de 2019.- Un cuarto asesinato ocurri\u00f3 este s\u00e1bado en la entidad oaxaque\u00f1a y fue el segundo caso en la agencia Vicente Guerrero de la Villa de Zaachila, al sur de la capital del estado de Oaxaca.<\/p>\n\n\n\n<p>Alrededor de las 22:00 horas en la\ncalle Trujano, entre Allende y Matamoros de la agencia Vicente Guerrero &#8211;zona donde\nse asienta el tiradero municipal&#8211; fue acribillado un individuo hasta ahora no\nidentificado.<\/p>\n\n\n\n<p>Arropados por la oscuridad de la noche,\nsujetos desconocidos le dispararon, tras lo cual se dieron a la fuga.<\/p>\n\n\n\n<p>Por la ma\u00f1ana en esa misma zona pero en\nla calle Matamoros, fue ultimada otra persona por disparos de armas de fuego,\nidentificado como Eleuterio Sadot.<\/p>\n\n\n\n<p>En el transcurso del s\u00e1bado, fueron\nultimados otro individuo en San Pablo, Etla, y uno m\u00e1s en San Juan Bautista\nTuxtepec. <\/p>\n","protected":false},"excerpt":{"rendered":"<p>Redacci\u00f3n\/Zona Roja. Oaxaca de Ju\u00e1rez, Oax., 6 de octubre de 2019.- Un cuarto asesinato ocurri\u00f3&hellip;<\/p>\n","protected":false},"author":2,"featured_media":4210,"comment_status":"closed","ping_status":"open","sticky":false,"template":"","format":"standard","meta":{"_lmt_disableupdate":"","_lmt_disable":"","_jetpack_memberships_contains_paid_content":false,"footnotes":""},"categories":[109,51],"tags":[155],"class_list":["post-4586","post","type-post","status-publish","format-standard","has-post-thumbnail","hentry","category-minuto-a-minuto","category-zona-roja","tag-villa-de-zaachila"],"jetpack_featured_media_url":"https:\/\/zonaroja.com.mx\/wp-content\/uploads\/2019\/09\/b293454d-e68f-4d98-bb84-c40877614f74.jpg","jetpack_sharing_enabled":true,"_links":{"self":[{"href":"https:\/\/zonaroja.com.mx\/index.php?rest_route=\/wp\/v2\/posts\/4586","targetHints":{"allow":["GET"]}}],"collection":[{"href":"https:\/\/zonaroja.com.mx\/index.php?rest_route=\/wp\/v2\/posts"}],"about":[{"href":"https:\/\/zonaroja.com.mx\/index.php?rest_route=\/wp\/v2\/types\/post"}],"author":[{"embeddable":true,"href":"https:\/\/zonaroja.com.mx\/index.php?rest_route=\/wp\/v2\/users\/2"}],"replies":[{"embeddable":true,"href":"https:\/\/zonaroja.com.mx\/index.php?rest_route=%2Fwp%2Fv2%2Fcomments&post=4586"}],"version-history":[{"count":2,"href":"https:\/\/zonaroja.com.mx\/index.php?rest_route=\/wp\/v2\/posts\/4586\/revisions"}],"predecessor-version":[{"id":4592,"href":"https:\/\/zonaroja.com.mx\/index.php?rest_route=\/wp\/v2\/posts\/4586\/revisions\/4592"}],"wp:featuredmedia":[{"embeddable":true,"href":"https:\/\/zonaroja.com.mx\/index.php?rest_route=\/wp\/v2\/media\/4210"}],"wp:attachment":[{"href":"https:\/\/zonaroja.com.mx\/index.php?rest_route=%2Fwp%2Fv2%2Fmedia&parent=4586"}],"wp:term":[{"taxonomy":"category","embeddable":true,"href":"https:\/\/zonaroja.com.mx\/index.php?rest_route=%2Fwp%2Fv2%2Fcategories&post=4586"},{"taxonomy":"post_tag","embeddable":true,"href":"https:\/\/zonaroja.com.mx\/index.php?rest_route=%2Fwp%2Fv2%2Ftags&post=4586"}],"curies":[{"name":"wp","href":"https:\/\/api.w.org\/{rel}","templated":true}]}}