{"id":45863,"date":"2022-09-16T10:00:00","date_gmt":"2022-09-16T15:00:00","guid":{"rendered":"http:\/\/www.zonaroja.com.mx\/?p=45863"},"modified":"2022-09-16T07:05:59","modified_gmt":"2022-09-16T12:05:59","slug":"reprobado-neri-en-desempeno-seguridad-cercania-y-servicios-publicos-encuesta","status":"publish","type":"post","link":"https:\/\/zonaroja.com.mx\/?p=45863","title":{"rendered":"Reprobado Neri en desempe\u00f1o, seguridad, cercan\u00eda y servicios p\u00fablicos: encuesta"},"content":{"rendered":"\n<p>Yuridiana Sosa\/Zona Roja.<\/p>\n\n\n\n<p>Oaxaca de Ju\u00e1rez, Oax., a 16 de septiembre de 2022.- La poblaci\u00f3n capitalina de Oaxaca volvi\u00f3 calificar con promedio reprobatorio el desempe\u00f1o del edil de Oaxaca de Ju\u00e1rez, Francisco Mart\u00ednez Neri, emanado del Partido Morena.<\/p>\n\n\n\n<p>La encuestadora Rubrum, de nivel nacional, public\u00f3 la \u201cEvaluaci\u00f3n ciudadana en 31 capitales estatales, septiembre 2022\u201d, en la que Mart\u00ednez Neri se sit\u00faa en los niveles m\u00e1s bajos, de los cuatro \u00e1mbitos que califican: desempe\u00f1o de los presidentes municipales, servicios p\u00fablicos, cercan\u00eda con la poblaci\u00f3n y percepci\u00f3n ciudadana de la seguridad.<\/p>\n\n\n\n<p>De acuerdo con la encuesta, el desempe\u00f1o de Mart\u00ednez Neri como presidente municipal es de 4.5, posicion\u00e1ndolo en la tabla en el lugar 22; sin embargo, durante la evaluaci\u00f3n de marzo a septiembre no ha pasado de 5.7, el cual se obtuvo en abril y el m\u00e1s bajo, de 4.2 en agosto.<\/p>\n\n\n\n<p>En servicios p\u00fablicos otorgados para el municipio, fue evaluado con 4.12, ocupando el lugar 27. Con el promedio m\u00e1s alto en el mes de marzo, con 5.19 y el menor en agosto con 4.<\/p>\n\n\n\n<p>Respecto a que si considera que el edil es cercano a la poblaci\u00f3n, Mart\u00ednez Neri obtuvo calificaci\u00f3n de 4.15 en la posici\u00f3n 25.<\/p>\n\n\n\n<p>Este rubro es el peor evaluado para el presidente capitalino, en el que con promedio de 5.4 en marzo se coloc\u00f3 en el lugar 27 de la lista, pero en abril, mayo y junio estuvo en el \u00faltimo sitio, con 3.17, 2.85,3.7, respectivamente.<\/p>\n\n\n\n<p>Los \u00edndices tampoco fueron favorables en el tema de seguridad en la ciudad, con un promedio de 3.38, situ\u00e1ndose en el lugar 23. Esta materia, evaluada entre mayo y septiembre, ha sido calificado con 3.41 en mayo, 3.63 en junio, 3.66 en julio, 4.25 en agosto y 3.38 en el noveno mes del a\u00f1o.\u00a0<\/p>\n\n\n\n<figure class=\"wp-block-embed is-type-rich is-provider-twitter wp-block-embed-twitter\"><div class=\"wp-block-embed__wrapper\">\n<div class=\"twitter-tweet\"><blockquote class=\"twitter-tweet\" data-lang=\"es\"><p lang=\"es\" dir=\"ltr\"><a href=\"https:\/\/twitter.com\/hashtag\/RUBRUM?src=hash&amp;ref_src=twsrc%5Etfw\">#RUBRUM<\/a> | Consulta las calificaciones que dan los ciudadanos al desempe\u00f1o de los gobiernos de las 31 capitales de M\u00e9xico. <a href=\"https:\/\/twitter.com\/hashtag\/Informaci%C3%B3nQueDaPoder?src=hash&amp;ref_src=twsrc%5Etfw\">#Informaci\u00f3nQueDaPoder<\/a> <a href=\"https:\/\/t.co\/FM9Xu8Bp7o\">https:\/\/t.co\/FM9Xu8Bp7o<\/a><\/p>&mdash; RUBRUM (@RUBRUM_INFO) <a href=\"https:\/\/twitter.com\/RUBRUM_INFO\/status\/1569397392285351937?ref_src=twsrc%5Etfw\">12 de septiembre de 2022<\/a><\/blockquote><\/div>\n<\/div><\/figure>\n","protected":false},"excerpt":{"rendered":"<p>Yuridiana Sosa\/Zona Roja. Oaxaca de Ju\u00e1rez, Oax., a 16 de septiembre de 2022.- La poblaci\u00f3n&hellip;<\/p>\n","protected":false},"author":2,"featured_media":45864,"comment_status":"closed","ping_status":"open","sticky":false,"template":"","format":"standard","meta":{"_lmt_disableupdate":"","_lmt_disable":"","_jetpack_memberships_contains_paid_content":false,"footnotes":""},"categories":[109,47],"tags":[2418],"class_list":["post-45863","post","type-post","status-publish","format-standard","has-post-thumbnail","hentry","category-minuto-a-minuto","category-zona-gris","tag-francisco-martinez-neri"],"jetpack_featured_media_url":"https:\/\/zonaroja.com.mx\/wp-content\/uploads\/2022\/09\/Francisco-Martinez-Neri.jpg","jetpack_sharing_enabled":true,"_links":{"self":[{"href":"https:\/\/zonaroja.com.mx\/index.php?rest_route=\/wp\/v2\/posts\/45863","targetHints":{"allow":["GET"]}}],"collection":[{"href":"https:\/\/zonaroja.com.mx\/index.php?rest_route=\/wp\/v2\/posts"}],"about":[{"href":"https:\/\/zonaroja.com.mx\/index.php?rest_route=\/wp\/v2\/types\/post"}],"author":[{"embeddable":true,"href":"https:\/\/zonaroja.com.mx\/index.php?rest_route=\/wp\/v2\/users\/2"}],"replies":[{"embeddable":true,"href":"https:\/\/zonaroja.com.mx\/index.php?rest_route=%2Fwp%2Fv2%2Fcomments&post=45863"}],"version-history":[{"count":1,"href":"https:\/\/zonaroja.com.mx\/index.php?rest_route=\/wp\/v2\/posts\/45863\/revisions"}],"predecessor-version":[{"id":45866,"href":"https:\/\/zonaroja.com.mx\/index.php?rest_route=\/wp\/v2\/posts\/45863\/revisions\/45866"}],"wp:featuredmedia":[{"embeddable":true,"href":"https:\/\/zonaroja.com.mx\/index.php?rest_route=\/wp\/v2\/media\/45864"}],"wp:attachment":[{"href":"https:\/\/zonaroja.com.mx\/index.php?rest_route=%2Fwp%2Fv2%2Fmedia&parent=45863"}],"wp:term":[{"taxonomy":"category","embeddable":true,"href":"https:\/\/zonaroja.com.mx\/index.php?rest_route=%2Fwp%2Fv2%2Fcategories&post=45863"},{"taxonomy":"post_tag","embeddable":true,"href":"https:\/\/zonaroja.com.mx\/index.php?rest_route=%2Fwp%2Fv2%2Ftags&post=45863"}],"curies":[{"name":"wp","href":"https:\/\/api.w.org\/{rel}","templated":true}]}}