{"id":45867,"date":"2022-09-16T07:11:19","date_gmt":"2022-09-16T12:11:19","guid":{"rendered":"http:\/\/www.zonaroja.com.mx\/?p=45867"},"modified":"2022-09-16T07:17:45","modified_gmt":"2022-09-16T12:17:45","slug":"realiza-poder-judicial-encuentro-con-jueces-de-la-cuenca-canada-y-sierra","status":"publish","type":"post","link":"https:\/\/zonaroja.com.mx\/?p=45867","title":{"rendered":"Realiza Poder Judicial encuentro con jueces de la Cuenca, Ca\u00f1ada y Sierra"},"content":{"rendered":"\n<p>Redacci\u00f3n\/Zona Roja.<\/p>\n\n\n\n<p>Oaxaca de Ju\u00e1rez, Oax., a 16 de septiembre de 2022.- Para conversar sobre temas relacionados con las distintas materias de competencia judicial, conocer necesidades y plantear soluciones a posibles obst\u00e1culos que enfrenten en su labor diaria, adem\u00e1s de agilizar el trabajo en los juzgados y que se refleje en la impartici\u00f3n y administraci\u00f3n de justicia en la entidad, el Poder Judicial del Estado realiz\u00f3 una&nbsp;\u201cReuni\u00f3n virtual regional de intercambio de experiencias en materia civil-mercantil\u201d.<\/p>\n\n\n\n<p>En esta ocasi\u00f3n participaron&nbsp;juezas y jueces de las regiones de la Cuenca, Ca\u00f1ada y Sierra Norte,&nbsp;quienes con magistradas y magistrados integrantes de la Primera y Segunda Sala Civil del Tribunal Superior del Estado, abordaron diferentes temas y&nbsp;estrategias que les permitan&nbsp;maximizar el aprovechamiento de los recursos humanos&nbsp;y&nbsp;materiales.&nbsp;<\/p>\n\n\n\n<p>Como lo ha se\u00f1alado el magistrado presidente Eduardo Pinacho S\u00e1nchez, estos&nbsp;encuentros son&nbsp;una oportunidad para&nbsp;revisar y dar seguimiento a&nbsp;las&nbsp;necesidades y aspectos que&nbsp;de acuerdo con la funci\u00f3n que desarrollan&nbsp;las y los&nbsp;juzgadores,&nbsp;permitan&nbsp;mejorar la&nbsp;impartici\u00f3n de justicia y&nbsp;la atenci\u00f3n que&nbsp;se ofrece a la sociedad.<\/p>\n\n\n\n<p>Enlazados por videoconferencia&nbsp;y guiados por el magistrado decano Crescencio Modesto Mart\u00ednez&nbsp;Geminiano, integrante de la Primera Sala Civil,&nbsp;se plantearon las&nbsp;experiencias&nbsp;y propuestas para el \u00e1rea civil&nbsp;y mercantil&nbsp;con criterios que&nbsp;aporten&nbsp;a mejorar la&nbsp;labor&nbsp;de&nbsp;los organismos jurisdiccionales.&nbsp;Estuvo presente&nbsp;en la reuni\u00f3n&nbsp;el director de la Escuela Judicial, maestro H\u00e9ctor Humberto V\u00e1squez Quevedo.<\/p>\n","protected":false},"excerpt":{"rendered":"<p>Redacci\u00f3n\/Zona Roja. Oaxaca de Ju\u00e1rez, Oax., a 16 de septiembre de 2022.- Para conversar sobre&hellip;<\/p>\n","protected":false},"author":2,"featured_media":45865,"comment_status":"closed","ping_status":"open","sticky":false,"template":"","format":"standard","meta":{"_lmt_disableupdate":"","_lmt_disable":"","_jetpack_memberships_contains_paid_content":false,"footnotes":""},"categories":[109,46],"tags":[223],"class_list":["post-45867","post","type-post","status-publish","format-standard","has-post-thumbnail","hentry","category-minuto-a-minuto","category-zona-blanca","tag-poder-judicial-de-oaxaca"],"jetpack_featured_media_url":"https:\/\/zonaroja.com.mx\/wp-content\/uploads\/2022\/09\/Intercambian-experiencias-magistrados-y-jueces.jpg","jetpack_sharing_enabled":true,"_links":{"self":[{"href":"https:\/\/zonaroja.com.mx\/index.php?rest_route=\/wp\/v2\/posts\/45867","targetHints":{"allow":["GET"]}}],"collection":[{"href":"https:\/\/zonaroja.com.mx\/index.php?rest_route=\/wp\/v2\/posts"}],"about":[{"href":"https:\/\/zonaroja.com.mx\/index.php?rest_route=\/wp\/v2\/types\/post"}],"author":[{"embeddable":true,"href":"https:\/\/zonaroja.com.mx\/index.php?rest_route=\/wp\/v2\/users\/2"}],"replies":[{"embeddable":true,"href":"https:\/\/zonaroja.com.mx\/index.php?rest_route=%2Fwp%2Fv2%2Fcomments&post=45867"}],"version-history":[{"count":2,"href":"https:\/\/zonaroja.com.mx\/index.php?rest_route=\/wp\/v2\/posts\/45867\/revisions"}],"predecessor-version":[{"id":45869,"href":"https:\/\/zonaroja.com.mx\/index.php?rest_route=\/wp\/v2\/posts\/45867\/revisions\/45869"}],"wp:featuredmedia":[{"embeddable":true,"href":"https:\/\/zonaroja.com.mx\/index.php?rest_route=\/wp\/v2\/media\/45865"}],"wp:attachment":[{"href":"https:\/\/zonaroja.com.mx\/index.php?rest_route=%2Fwp%2Fv2%2Fmedia&parent=45867"}],"wp:term":[{"taxonomy":"category","embeddable":true,"href":"https:\/\/zonaroja.com.mx\/index.php?rest_route=%2Fwp%2Fv2%2Fcategories&post=45867"},{"taxonomy":"post_tag","embeddable":true,"href":"https:\/\/zonaroja.com.mx\/index.php?rest_route=%2Fwp%2Fv2%2Ftags&post=45867"}],"curies":[{"name":"wp","href":"https:\/\/api.w.org\/{rel}","templated":true}]}}