{"id":45870,"date":"2022-09-16T07:39:29","date_gmt":"2022-09-16T12:39:29","guid":{"rendered":"http:\/\/www.zonaroja.com.mx\/?p=45870"},"modified":"2022-09-16T07:39:30","modified_gmt":"2022-09-16T12:39:30","slug":"grito-criminal-en-mexico-masacres-en-zacatecas-y-en-guerrero","status":"publish","type":"post","link":"https:\/\/zonaroja.com.mx\/?p=45870","title":{"rendered":"\u201cGrito\u201d criminal en M\u00e9xico: masacres en Zacatecas y en Guerrero"},"content":{"rendered":"\n<p>Redacci\u00f3n\/Zona Roja. Foto: Ilustraci\u00f3n<\/p>\n\n\n\n<p>Oaxaca de Ju\u00e1rez, Oax., a 16 de septiembre de 2022.- Dos masacres se registraron ayer en M\u00e9xico, a unas horas de la ceremonia del Grito de Independencia.<\/p>\n\n\n\n<p>El primer caso ocurri\u00f3 en el estado de Zacatecas, donde fueron ultimadas ocho personas, cuyos cuerpos envueltos en cobijas fueron localizados sobre la carretera federal 54, en jurisdicci\u00f3n de la localidad de Benito Ju\u00e1rez.<\/p>\n\n\n\n<p>Presuntamente las personas asesinadas fueron privadas de la vida en otro sitio con armas de fuego y luego abandonadas en ese lugar; hasta anoche a\u00fan no se hab\u00eda revelado la identidad de las v\u00edctimas.<\/p>\n\n\n\n<p>Apenas el pasado fin de semana, en esa entidad gobernada por el edil morenista David Monreal, fueron asesinadas siete personas, en el municipio de Jerez.<\/p>\n\n\n\n<p>TAMBI\u00c9N GUERRERO<\/p>\n\n\n\n<p>Mientras que en el estado de Guerrero, durante el jueves ocurri\u00f3 el asesinato de al menos seis personas en tres municipios de esa entidad, colindante con Oaxaca.<\/p>\n\n\n\n<p>Dos fueron ultimados en el municipio de Iguala de la Independencia y m\u00e1s tarde otros tres en ese municipio; un caso m\u00e1s en una localidad distinta.<\/p>\n\n\n\n<p>En Oaxaca, fueron tres homicidios, dos de los cuales a\u00fan se desconoce si son del tipo culposo.<\/p>\n\n\n\n<p>Por la madrugada de ayer un joven fue asesinado en San Antonio de la Cal, presuntamente para robarle su motocicleta.&nbsp;<\/p>\n\n\n\n<p>Por la ma\u00f1ana, fue descubierto un cuerpo sin vida en jurisdicci\u00f3n de Santa Mar\u00eda El Tule y por la tarde otro en el r\u00edo \u201cAtoyac\u201d, en jurisdicci\u00f3n de San Jacinto Amilpas, colindante con la capital por le lado poniente.<\/p>\n","protected":false},"excerpt":{"rendered":"<p>Redacci\u00f3n\/Zona Roja. Foto: Ilustraci\u00f3n Oaxaca de Ju\u00e1rez, Oax., a 16 de septiembre de 2022.- Dos&hellip;<\/p>\n","protected":false},"author":2,"featured_media":45871,"comment_status":"closed","ping_status":"open","sticky":false,"template":"","format":"standard","meta":{"_lmt_disableupdate":"","_lmt_disable":"","_jetpack_memberships_contains_paid_content":false,"footnotes":""},"categories":[109,51],"tags":[1746],"class_list":["post-45870","post","type-post","status-publish","format-standard","has-post-thumbnail","hentry","category-minuto-a-minuto","category-zona-roja","tag-violencia-en-mexico"],"jetpack_featured_media_url":"https:\/\/zonaroja.com.mx\/wp-content\/uploads\/2022\/09\/Ejecutados-Zacatecas.jpeg","jetpack_sharing_enabled":true,"_links":{"self":[{"href":"https:\/\/zonaroja.com.mx\/index.php?rest_route=\/wp\/v2\/posts\/45870","targetHints":{"allow":["GET"]}}],"collection":[{"href":"https:\/\/zonaroja.com.mx\/index.php?rest_route=\/wp\/v2\/posts"}],"about":[{"href":"https:\/\/zonaroja.com.mx\/index.php?rest_route=\/wp\/v2\/types\/post"}],"author":[{"embeddable":true,"href":"https:\/\/zonaroja.com.mx\/index.php?rest_route=\/wp\/v2\/users\/2"}],"replies":[{"embeddable":true,"href":"https:\/\/zonaroja.com.mx\/index.php?rest_route=%2Fwp%2Fv2%2Fcomments&post=45870"}],"version-history":[{"count":1,"href":"https:\/\/zonaroja.com.mx\/index.php?rest_route=\/wp\/v2\/posts\/45870\/revisions"}],"predecessor-version":[{"id":45872,"href":"https:\/\/zonaroja.com.mx\/index.php?rest_route=\/wp\/v2\/posts\/45870\/revisions\/45872"}],"wp:featuredmedia":[{"embeddable":true,"href":"https:\/\/zonaroja.com.mx\/index.php?rest_route=\/wp\/v2\/media\/45871"}],"wp:attachment":[{"href":"https:\/\/zonaroja.com.mx\/index.php?rest_route=%2Fwp%2Fv2%2Fmedia&parent=45870"}],"wp:term":[{"taxonomy":"category","embeddable":true,"href":"https:\/\/zonaroja.com.mx\/index.php?rest_route=%2Fwp%2Fv2%2Fcategories&post=45870"},{"taxonomy":"post_tag","embeddable":true,"href":"https:\/\/zonaroja.com.mx\/index.php?rest_route=%2Fwp%2Fv2%2Ftags&post=45870"}],"curies":[{"name":"wp","href":"https:\/\/api.w.org\/{rel}","templated":true}]}}