{"id":45873,"date":"2022-09-16T08:07:55","date_gmt":"2022-09-16T13:07:55","guid":{"rendered":"http:\/\/www.zonaroja.com.mx\/?p=45873"},"modified":"2022-09-16T08:07:56","modified_gmt":"2022-09-16T13:07:56","slug":"anuncian-detencion-de-general-del-ejercito-por-caso-ayotzinapa","status":"publish","type":"post","link":"https:\/\/zonaroja.com.mx\/?p=45873","title":{"rendered":"Anuncian detenci\u00f3n de General del Ej\u00e9rcito por caso Ayotzinapa"},"content":{"rendered":"\n<p>Redacci\u00f3n\/Zona Roja Cdmx.<\/p>\n\n\n\n<p>Ciudad de M\u00e9xico, a 16 de septiembre de 2022.- El coronel Jos\u00e9 Rodr\u00edguez P\u00e9rez, ligado al homicidio de seis de los 43 estudiantes normalistas de Ayotzinapa, ya fue detenido, confirm\u00f3 este jueves 15 de septiembre Ricardo Mej\u00eda, subsecretario de Seguridad y Protecci\u00f3n Ciudadana.<\/p>\n\n\n\n<p>Durante la conferencia de prensa matutina, el funcionario inform\u00f3 que tras la publicaci\u00f3n del informe de Alejandro Encinas sobre el caso Ayotzinapa, se logr\u00f3 la detenci\u00f3n del militar, quien se desempe\u00f1aba como comandante del 27 batall\u00f3n de infanter\u00eda al momento de la desaparici\u00f3n de los estudiantes.<\/p>\n\n\n\n<p>\u201cSe han liberado cuatro \u00f3rdenes de aprehensi\u00f3n contra elementos del Ej\u00e9rcito Mexicano. Al momento, se han ejecutado tres de ellas, hay tres detenidos; entre ellos el comandante del 27 batall\u00f3n de infanter\u00eda cuando se suscitaron los hechos en Iguala en septiembre de 2014\u2033, indic\u00f3 el subsecretario de Seguridad.<\/p>\n\n\n\n<p>En agosto de 2022, el subsecretario de Derechos Humanos, Alejandro Encinas,&nbsp;revel\u00f3 que una persona identificada como&nbsp;\u201ccoronel Jos\u00e9 Rodr\u00edguez P\u00e9rez\u201d&nbsp;fue el responsable de la desaparici\u00f3n de seis de los 43 estudiantes ocurrida entre el 26 y 27 de septiembre de 2014.<\/p>\n\n\n\n<p>El funcionario indic\u00f3 que se \u201cpresume que seis de los estudiantes se mantuvieron con vida hasta cuatro d\u00edas despu\u00e9s de los hechos y que fueron ultimados y desaparecidos por \u00f3rdenes del coronel\u201d, quien era comandante del Batall\u00f3n de Infanter\u00eda de Iguala cuando ocurrieron las desapariciones.<\/p>\n\n\n\n<p>El presidente de la Comisi\u00f3n de la Verdad&nbsp;dijo que se obtuvo esa informaci\u00f3n a trav\u00e9s de llamadas al tel\u00e9fono de emergencia de los seis estudiantes que estuvieron al menos cuatro d\u00edas m\u00e1s con vida tras las detenciones masivas del resto de los estudiantes de la normal rural de Ayotzinapa, en el mismo estado.<\/p>\n\n\n\n<p>Tambi\u00e9n en agosto de 2022, la&nbsp;Fiscal\u00eda General de la Rep\u00fablica (FGR) notific\u00f3 a la&nbsp;Secretar\u00eda de la Defensa Nacional (Sedena) de la existencia de 20 \u00f3rdenes de aprehensi\u00f3n contra personal del Ej\u00e9rcito mexicano por el caso Ayotzinapa.<\/p>\n\n\n\n<p>(Informaci\u00f3n de \u201cEl Financiero\u201d)<\/p>\n","protected":false},"excerpt":{"rendered":"<p>Redacci\u00f3n\/Zona Roja Cdmx. Ciudad de M\u00e9xico, a 16 de septiembre de 2022.- El coronel Jos\u00e9&hellip;<\/p>\n","protected":false},"author":2,"featured_media":45874,"comment_status":"closed","ping_status":"open","sticky":false,"template":"","format":"standard","meta":{"_lmt_disableupdate":"","_lmt_disable":"","_jetpack_memberships_contains_paid_content":false,"footnotes":""},"categories":[109,47],"tags":[],"class_list":["post-45873","post","type-post","status-publish","format-standard","has-post-thumbnail","hentry","category-minuto-a-minuto","category-zona-gris"],"jetpack_featured_media_url":"https:\/\/zonaroja.com.mx\/wp-content\/uploads\/2022\/09\/General-detenido-caso-Ayotzinapa.jpeg","jetpack_sharing_enabled":true,"_links":{"self":[{"href":"https:\/\/zonaroja.com.mx\/index.php?rest_route=\/wp\/v2\/posts\/45873","targetHints":{"allow":["GET"]}}],"collection":[{"href":"https:\/\/zonaroja.com.mx\/index.php?rest_route=\/wp\/v2\/posts"}],"about":[{"href":"https:\/\/zonaroja.com.mx\/index.php?rest_route=\/wp\/v2\/types\/post"}],"author":[{"embeddable":true,"href":"https:\/\/zonaroja.com.mx\/index.php?rest_route=\/wp\/v2\/users\/2"}],"replies":[{"embeddable":true,"href":"https:\/\/zonaroja.com.mx\/index.php?rest_route=%2Fwp%2Fv2%2Fcomments&post=45873"}],"version-history":[{"count":1,"href":"https:\/\/zonaroja.com.mx\/index.php?rest_route=\/wp\/v2\/posts\/45873\/revisions"}],"predecessor-version":[{"id":45875,"href":"https:\/\/zonaroja.com.mx\/index.php?rest_route=\/wp\/v2\/posts\/45873\/revisions\/45875"}],"wp:featuredmedia":[{"embeddable":true,"href":"https:\/\/zonaroja.com.mx\/index.php?rest_route=\/wp\/v2\/media\/45874"}],"wp:attachment":[{"href":"https:\/\/zonaroja.com.mx\/index.php?rest_route=%2Fwp%2Fv2%2Fmedia&parent=45873"}],"wp:term":[{"taxonomy":"category","embeddable":true,"href":"https:\/\/zonaroja.com.mx\/index.php?rest_route=%2Fwp%2Fv2%2Fcategories&post=45873"},{"taxonomy":"post_tag","embeddable":true,"href":"https:\/\/zonaroja.com.mx\/index.php?rest_route=%2Fwp%2Fv2%2Ftags&post=45873"}],"curies":[{"name":"wp","href":"https:\/\/api.w.org\/{rel}","templated":true}]}}