{"id":45876,"date":"2022-09-16T11:09:00","date_gmt":"2022-09-16T16:09:00","guid":{"rendered":"http:\/\/www.zonaroja.com.mx\/?p=45876"},"modified":"2022-09-16T08:14:00","modified_gmt":"2022-09-16T13:14:00","slug":"kilometricas-filas-en-londres-para-despedir-a-la-reina-isabel-iii","status":"publish","type":"post","link":"https:\/\/zonaroja.com.mx\/?p=45876","title":{"rendered":"Kilom\u00e9tricas filas en Londres para despedir a la reina Isabel III"},"content":{"rendered":"\n<p>Redacci\u00f3n\/Zona Roja Cdmx.<\/p>\n\n\n\n<p>Ciudad de M\u00e9xico, a 16 de septiembre de 2022.- Miles y miles de personas desfilaban emocionados este jueves en Londres ante los restos mortales de Isabel II, la \u00fanica reina que la mayor\u00eda conoci\u00f3, y una figura que goz\u00f3 del raro privilegio del afecto casi un\u00e1nime en su pa\u00eds.<\/p>\n\n\n\n<p>Isabel II muri\u00f3 el jueves 8 de septiembre a los 96 a\u00f1os tras 70 de reinado, y fue sucedida por su hijo, Carlos III, de 76.&nbsp; Por ello, el f\u00e9retro con los restos de la reina se instal\u00f3 en Westminster Hall, la parte m\u00e1s antigua del Parlamento, una sala majestuosa del siglo XI que es el embri\u00f3n institucional del Reino Unido.<\/p>\n\n\n\n<p>La cola avanzaba fluidamente y una veintena de sillas de camping se amontonaban a la entrada del Parlamento, abandonadas por quienes hab\u00edan conseguido entrar.<\/p>\n\n\n\n<p>El gobierno avis\u00f3 de que podr\u00edan tener que esperar 30 horas en una fila de hasta 10 km que transcurre por el centro de la ciudad a lo largo del r\u00edo T\u00e1mesis.&nbsp;\u00abTengan en cuenta esto antes de decidir asistir o traer a ni\u00f1os\u00bb, advirti\u00f3 Downing Street.<\/p>\n\n\n\n<p>Durante los pr\u00f3ximos cinco d\u00edas, cientos de miles de brit\u00e1nicos y visitantes, hasta 750 mil seg\u00fan la prensa, pasar\u00e1n por una capilla ardiente abierta casi ininterrumpidamente hasta la madrugada del 19 de septiembre, d\u00eda en que tendr\u00e1 lugar el funeral de Estado en la Abad\u00eda de Westminster y el entierro en la capilla Jorge VI del Castillo de Windsor.<\/p>\n\n\n\n<p>Desde que el mi\u00e9rcoles se abrieron las puertas para que los ciudadanos despidan a su Majestad no ha cesado la cantidad de brit\u00e1nicos en las largas filas para ingresar a Westminster Hall.&nbsp;Aproximadamente, se debe esperar siete horas para dar el \u00faltimo adi\u00f3s a Isabel II.<\/p>\n\n\n\n<p>El pr\u00edncipe William y la princesa Kate visitaron Norwich Gates para observar los tributos florales que dejaron decenas de personas en honor a la reina Isabel II, asimismo, hablaron con algunos de ellos y se tomaron fotograf\u00edas.<\/p>\n\n\n\n<p>De igual forma, el conde y la condesa de Wessex visitaron el centro de la ciudad de Manchester, donde se reunieron con miembros del p\u00fablico en St. Ann&#8217;s Square y les agradecieron sus buenos deseos.<\/p>\n\n\n\n<p>El pr\u00f3ximo 19 de septiembre la reina Isabel II ser\u00e1 sepultada&nbsp;junto a la tumba de quien fue su marido durante 69 a\u00f1os, Felipe de Edimburgo, en la&nbsp;capilla Rey Jorge VI localizada en el castillo&nbsp;de Windsor y se realizar\u00e1 una ceremonia privada,&nbsp;&nbsp;as\u00ed lo dio a conocer el Palacio de Buckingham.<\/p>\n\n\n\n<p>Al t\u00e9rmino del servicio religioso en Westminster, habr\u00e1n dos minutos de silencio en todo el pa\u00eds, posteriormente&nbsp;se entonar\u00e1 el&nbsp;himno nacional&nbsp;\u201cDios salve al Rey\u201d.<\/p>\n\n\n\n<p>(Informaci\u00f3n de \u201cEl Heraldo de M\u00e9xico\u201d)<\/p>\n","protected":false},"excerpt":{"rendered":"<p>Redacci\u00f3n\/Zona Roja Cdmx. Ciudad de M\u00e9xico, a 16 de septiembre de 2022.- Miles y miles&hellip;<\/p>\n","protected":false},"author":2,"featured_media":45877,"comment_status":"closed","ping_status":"open","sticky":false,"template":"","format":"standard","meta":{"_lmt_disableupdate":"","_lmt_disable":"","_jetpack_memberships_contains_paid_content":false,"footnotes":""},"categories":[109,47],"tags":[3250],"class_list":["post-45876","post","type-post","status-publish","format-standard","has-post-thumbnail","hentry","category-minuto-a-minuto","category-zona-gris","tag-reina-isabel-ii"],"jetpack_featured_media_url":"https:\/\/zonaroja.com.mx\/wp-content\/uploads\/2022\/09\/Filas-reina-Isabel-III.jpeg","jetpack_sharing_enabled":true,"_links":{"self":[{"href":"https:\/\/zonaroja.com.mx\/index.php?rest_route=\/wp\/v2\/posts\/45876","targetHints":{"allow":["GET"]}}],"collection":[{"href":"https:\/\/zonaroja.com.mx\/index.php?rest_route=\/wp\/v2\/posts"}],"about":[{"href":"https:\/\/zonaroja.com.mx\/index.php?rest_route=\/wp\/v2\/types\/post"}],"author":[{"embeddable":true,"href":"https:\/\/zonaroja.com.mx\/index.php?rest_route=\/wp\/v2\/users\/2"}],"replies":[{"embeddable":true,"href":"https:\/\/zonaroja.com.mx\/index.php?rest_route=%2Fwp%2Fv2%2Fcomments&post=45876"}],"version-history":[{"count":1,"href":"https:\/\/zonaroja.com.mx\/index.php?rest_route=\/wp\/v2\/posts\/45876\/revisions"}],"predecessor-version":[{"id":45878,"href":"https:\/\/zonaroja.com.mx\/index.php?rest_route=\/wp\/v2\/posts\/45876\/revisions\/45878"}],"wp:featuredmedia":[{"embeddable":true,"href":"https:\/\/zonaroja.com.mx\/index.php?rest_route=\/wp\/v2\/media\/45877"}],"wp:attachment":[{"href":"https:\/\/zonaroja.com.mx\/index.php?rest_route=%2Fwp%2Fv2%2Fmedia&parent=45876"}],"wp:term":[{"taxonomy":"category","embeddable":true,"href":"https:\/\/zonaroja.com.mx\/index.php?rest_route=%2Fwp%2Fv2%2Fcategories&post=45876"},{"taxonomy":"post_tag","embeddable":true,"href":"https:\/\/zonaroja.com.mx\/index.php?rest_route=%2Fwp%2Fv2%2Ftags&post=45876"}],"curies":[{"name":"wp","href":"https:\/\/api.w.org\/{rel}","templated":true}]}}