{"id":45882,"date":"2022-09-16T15:28:49","date_gmt":"2022-09-16T20:28:49","guid":{"rendered":"http:\/\/www.zonaroja.com.mx\/?p=45882"},"modified":"2022-09-16T15:38:18","modified_gmt":"2022-09-16T20:38:18","slug":"lo-mas-tierno-del-desfile-kevin-y-santiago-emulan-a-papa-policia","status":"publish","type":"post","link":"https:\/\/zonaroja.com.mx\/?p=45882","title":{"rendered":"\u00a1Lo m\u00e1s tierno del desfile! Kevin y Santiago emulan a pap\u00e1 polic\u00eda"},"content":{"rendered":"\n<p>Yuridiana Sosa\/Zona Roja.<\/p>\n\n\n\n<p>Oaxaca de Ju\u00e1rez, Oax., a 16 de septiembre de 2022.- Ataviados en uniformes que representan a elementos policiales, Kevin y Santiago, de 10 y cuatro a\u00f1os de edad, transmiten su deseo por cuidar su ciudad y su pa\u00eds cuando sean mayores.<\/p>\n\n\n\n<p>Los hermanitos, hijos de un Polic\u00eda Municipal de Oaxaca de Ju\u00e1rez, quisieron formar parte del desfile c\u00edvico militar por el 212 aniversario del inicio de la batalla por la Independencia de M\u00e9xico realizado en la capital oaxaque\u00f1a, tras dos a\u00f1os de suspensi\u00f3n por la pandemia de Covid-19.<\/p>\n\n\n\n<p>Felices de recorrer las calles de la ciudad, Kevin y Santiago expresaron el orgullo que sienten sobre la labor que desempe\u00f1a su padre, el polic\u00eda Eloy, para cuidar a los oaxaque\u00f1os. Eso mismo desean ser y hacer.<\/p>\n\n\n\n<p>Unas camisas antiguas, sin distintivos oficiales, de la corporaci\u00f3n municipal, a las que a\u00f1adieron en la espalda las letras FBI, gorra y pantal\u00f3n azul marino, son la vestimenta con la que juegan y forjan ese sue\u00f1o bajo el ejemplo de su padre.<\/p>\n\n\n\n<p>Do\u00f1a Esther, madre de los menores y esposa del polic\u00eda, reconoce que la labor de Eloy es riesgo, delicada, pero necesaria para la poblaci\u00f3n, por la que tampoco se opone, por ahora, a que sus hijos sean polic\u00edas.<\/p>\n\n\n\n<p>Los menores en compa\u00f1\u00eda de su madre salieron a disfrutar del recorrido como cientos de ciudadanos y turistas m\u00e1s que aplaudieron y disfrutaron del desfile.<\/p>\n\n\n\n<figure class=\"wp-block-embed is-type-rich is-provider-twitter wp-block-embed-twitter\"><div class=\"wp-block-embed__wrapper\">\n<div class=\"twitter-tweet\"><blockquote class=\"twitter-tweet\" data-lang=\"es\"><p lang=\"es\" dir=\"ltr\"><a href=\"https:\/\/twitter.com\/hashtag\/DesfileMilitar2022?src=hash&amp;ref_src=twsrc%5Etfw\">#DesfileMilitar2022<\/a> <br>\u00a1Awww! As\u00ed fueron Kevin y Santiago a apoyar a su padre, polic\u00eda municipal, al desfile de este viernes en la capital oaxaque\u00f1a. <br>\u00a1Ellos tambi\u00e9n portaron orgullosos su uniforme!<br>\ud83d\udc4f\ud83d\udc4f\ud83d\udc4f\ud83d\udc4f\ud83d\udc4f <a href=\"https:\/\/t.co\/tggqu0HcXL\">pic.twitter.com\/tggqu0HcXL<\/a><\/p>&mdash; Zona Roja Oaxaca (@ZonaRoja_Oaxaca) <a href=\"https:\/\/twitter.com\/ZonaRoja_Oaxaca\/status\/1570862229725278211?ref_src=twsrc%5Etfw\">16 de septiembre de 2022<\/a><\/blockquote><\/div>\n<\/div><\/figure>\n\n\n\n<p>Por cerca de una hora, en cada punto, la ciudadan\u00eda apreci\u00f3 la presencia de corporaciones civiles, instituciones educativas, fuerzas castrenses y de seguridad p\u00fablica formaron parte de la actividad.<\/p>\n\n\n\n<p>\u201c\u00a1Vive M\u00e9xico!, \u00a1Viva!\u201d, \u201c\u00a1Viva el Ej\u00e9rcito Mexicano!, \u00a1Viva!\u201d, se escuch\u00f3 vitorear desde los mismos asistentes que vivieron con orgullo esta celebraci\u00f3n patri\u00f3tica.<\/p>\n\n\n\n<p>Entre los m\u00e1s aplaudidos por su labor social y siempre de primeros respondientes a las emergencias ciudadanas, fueron los contingentes de la Cruz Roja Mexicana y Heroico Cuerpo de Bomberos.<\/p>\n\n\n\n<p>Pero tambi\u00e9n, la imponente presencia del Ej\u00e9rcito Mexicano y Guardia Nacional fueron motivo de reconocimiento. De admiraci\u00f3n, tambi\u00e9n, el grupo de Charros de M\u00e9xico, que son la reserva permanente del Ej\u00e9rcito M\u00e9xicano desde hace casi 100 a\u00f1os.&nbsp;<\/p>\n\n\n\n<p>El desfile se desarroll\u00f3 sin contratiempos y sin incidentes, lo que motiv\u00f3 a la poblaci\u00f3n a seguir disfrutando del Centro Hist\u00f3rico de la capital, lleno de simbolismo y fervor patrio.\u00a0<\/p>\n\n\n\n<figure class=\"wp-block-embed is-type-rich is-provider-twitter wp-block-embed-twitter\"><div class=\"wp-block-embed__wrapper\">\n<div class=\"twitter-tweet\"><blockquote class=\"twitter-tweet\" data-lang=\"es\"><p lang=\"es\" dir=\"ltr\"><a href=\"https:\/\/twitter.com\/hashtag\/DesfileCivicoMilitar2022?src=hash&amp;ref_src=twsrc%5Etfw\">#DesfileCivicoMilitar2022<\/a> <br>1. Tras dos a\u00f1os de pandemia, hoy hubo desfile en Oaxaca. <br>Una de las instituciones m\u00e1s aplaudidas, el Ej\u00e9rcito Mexicano. <br>El Centro Hist\u00f3rico de la capital, repleto de gente.<br>\ud83d\udc4f\ud83d\udc4f\ud83d\udc4f\ud83d\udc4f\ud83d\udc4f <a href=\"https:\/\/t.co\/L79PCyQJiF\">pic.twitter.com\/L79PCyQJiF<\/a><\/p>&mdash; Zona Roja Oaxaca (@ZonaRoja_Oaxaca) <a href=\"https:\/\/twitter.com\/ZonaRoja_Oaxaca\/status\/1570829832300417024?ref_src=twsrc%5Etfw\">16 de septiembre de 2022<\/a><\/blockquote><\/div>\n<\/div><\/figure>\n\n\n\n<p>EL PARTE<\/p>\n\n\n\n<p>Al finalizar, de acuerdo con el general de Brigada Diplomado de Estado Mayor, Esa\u00fa Rodr\u00edguez Cu\u00e9llar, comandante de la XXVIII Zona Militar, en el Desfile C\u00edvico Militar, que concluy\u00f3 en el Paseo Ju\u00e1rez El Llano, participaron 29 banderas con sus respectivas escoltas, dos mil 710 elementos, 59 veh\u00edculos, 25 binomios can\u00f3filos y 65 binomios equinos.<\/p>\n\n\n\n<p>Destac\u00f3 que en este desfile no se registr\u00f3 ning\u00fan incidente, y todos los participantes demostraron gallard\u00eda, disciplina, patriotismo y, sobre todo, lealtad por M\u00e9xico.<\/p>\n\n\n\n<p>Desde el balc\u00f3n central del Palacio de Gobierno, el mandatario Alejandro Murat Hinojosa presenci\u00f3 la parada c\u00edvico-militar, acompa\u00f1ado de su familia y titulares de los poderes Legislativo y Judicial, as\u00ed como de las fuerzas armadas.<\/p>\n\n\n\n<figure class=\"wp-block-embed is-type-rich is-provider-twitter wp-block-embed-twitter\"><div class=\"wp-block-embed__wrapper\">\n<div class=\"twitter-tweet\"><blockquote class=\"twitter-tweet\" data-lang=\"es\"><p lang=\"es\" dir=\"ltr\">Nuestras Fuerzas Armadas son las responsables de que hoy, muchas mexicanas y mexicanos, celebren este d\u00eda; agradecemos su apoyo y reconocemos su gran labor en el <a href=\"https:\/\/twitter.com\/hashtag\/Desfile?src=hash&amp;ref_src=twsrc%5Etfw\">#Desfile<\/a> Militar C\u00edvico, por el 212 Aniversario de la Independencia de M\u00e9xico. <a href=\"https:\/\/twitter.com\/hashtag\/Oaxaca?src=hash&amp;ref_src=twsrc%5Etfw\">#Oaxaca<\/a> <a href=\"https:\/\/t.co\/wceIOZcuwL\">pic.twitter.com\/wceIOZcuwL<\/a><\/p>&mdash; Alejandro Murat (@alejandromurat) <a href=\"https:\/\/twitter.com\/alejandromurat\/status\/1570833264134463494?ref_src=twsrc%5Etfw\">16 de septiembre de 2022<\/a><\/blockquote><\/div>\n<\/div><\/figure>\n","protected":false},"excerpt":{"rendered":"<p>Yuridiana Sosa\/Zona Roja. Oaxaca de Ju\u00e1rez, Oax., a 16 de septiembre de 2022.- Ataviados en&hellip;<\/p>\n","protected":false},"author":2,"featured_media":45883,"comment_status":"closed","ping_status":"open","sticky":false,"template":"","format":"standard","meta":{"_lmt_disableupdate":"","_lmt_disable":"","_jetpack_memberships_contains_paid_content":false,"footnotes":""},"categories":[109,46],"tags":[148],"class_list":["post-45882","post","type-post","status-publish","format-standard","has-post-thumbnail","hentry","category-minuto-a-minuto","category-zona-blanca","tag-oaxaca-de-juarez"],"jetpack_featured_media_url":"https:\/\/zonaroja.com.mx\/wp-content\/uploads\/2022\/09\/Ninos-policias-Oaxaca-desfile.jpg","jetpack_sharing_enabled":true,"_links":{"self":[{"href":"https:\/\/zonaroja.com.mx\/index.php?rest_route=\/wp\/v2\/posts\/45882","targetHints":{"allow":["GET"]}}],"collection":[{"href":"https:\/\/zonaroja.com.mx\/index.php?rest_route=\/wp\/v2\/posts"}],"about":[{"href":"https:\/\/zonaroja.com.mx\/index.php?rest_route=\/wp\/v2\/types\/post"}],"author":[{"embeddable":true,"href":"https:\/\/zonaroja.com.mx\/index.php?rest_route=\/wp\/v2\/users\/2"}],"replies":[{"embeddable":true,"href":"https:\/\/zonaroja.com.mx\/index.php?rest_route=%2Fwp%2Fv2%2Fcomments&post=45882"}],"version-history":[{"count":2,"href":"https:\/\/zonaroja.com.mx\/index.php?rest_route=\/wp\/v2\/posts\/45882\/revisions"}],"predecessor-version":[{"id":45886,"href":"https:\/\/zonaroja.com.mx\/index.php?rest_route=\/wp\/v2\/posts\/45882\/revisions\/45886"}],"wp:featuredmedia":[{"embeddable":true,"href":"https:\/\/zonaroja.com.mx\/index.php?rest_route=\/wp\/v2\/media\/45883"}],"wp:attachment":[{"href":"https:\/\/zonaroja.com.mx\/index.php?rest_route=%2Fwp%2Fv2%2Fmedia&parent=45882"}],"wp:term":[{"taxonomy":"category","embeddable":true,"href":"https:\/\/zonaroja.com.mx\/index.php?rest_route=%2Fwp%2Fv2%2Fcategories&post=45882"},{"taxonomy":"post_tag","embeddable":true,"href":"https:\/\/zonaroja.com.mx\/index.php?rest_route=%2Fwp%2Fv2%2Ftags&post=45882"}],"curies":[{"name":"wp","href":"https:\/\/api.w.org\/{rel}","templated":true}]}}