{"id":45893,"date":"2022-09-16T20:50:25","date_gmt":"2022-09-17T01:50:25","guid":{"rendered":"http:\/\/www.zonaroja.com.mx\/?p=45893"},"modified":"2022-09-16T20:50:28","modified_gmt":"2022-09-17T01:50:28","slug":"reporta-la-sspo-saldo-blanco-al-finalizar-las-fiestas-patrias-en-oaxaca","status":"publish","type":"post","link":"https:\/\/zonaroja.com.mx\/?p=45893","title":{"rendered":"Reporta la SSPO saldo blanco, al finalizar las fiestas patrias en Oaxaca"},"content":{"rendered":"\n<p>Redacci\u00f3n\/Zona Roja.<\/p>\n\n\n\n<p>Oaxaca de Ju\u00e1rez, Oax., a 16 de septiembre de 2022.- La titular de la Secretar\u00eda de Seguridad P\u00fablica de Oaxaca (SSPO), Dalia Ba\u00f1os Noyola, inform\u00f3 que las actividades conmemorativas a estas Fiestas Patrias 2022, se desarrollaron en un ambiente de paz y tranquilidad, concluyendo en saldo blanco, con incidentes menores<\/p>\n\n\n\n<p>Ba\u00f1os Noyola se\u00f1al\u00f3 que estos resultados fueron gracias al despliegue que establecieron las corporaciones estatales adscritas a la SSPO en coordinaci\u00f3n con las fuerzas de seguridad a nivel federal y municipal, a fin de que las y los oaxaque\u00f1os celebrar\u00e1n un a\u00f1o m\u00e1s de la Independencia de M\u00e9xico.<\/p>\n\n\n\n<p>Por otra parte, la funcionaria estatal resalt\u00f3 el compromiso y trabajo que realizaron las y los integrantes de la Polic\u00eda Estatal; Polic\u00eda Vial Estatal; Polic\u00eda Auxiliar, Bancaria, Industrial y Comercial (PABIC) y el Heroico Cuerpo de Bomberos en la implementaci\u00f3n de dicho despliegue operativo.<\/p>\n\n\n\n<p>Asimismo, reconoci\u00f3 el grado de marcialidad, adiestramiento y los valores institucionales que pusieron en pr\u00e1ctica los agrupamientos estatales durante el Desfile C\u00edvico-Militar que se realiz\u00f3 en las principales calles de la ciudad capital.<\/p>\n\n\n\n<p>Cabe se\u00f1alar que este a\u00f1o, la parada C\u00edvico-Militar estuvo conformada por nueve agrupamientos con un total aproximado de m\u00e1s de dos mil 700 elementos militares, de seguridad p\u00fablica, pentatl\u00f3n militarizado, escolares, banda de guerra, auxilio y emergencias y carros.&nbsp;<\/p>\n","protected":false},"excerpt":{"rendered":"<p>Redacci\u00f3n\/Zona Roja. Oaxaca de Ju\u00e1rez, Oax., a 16 de septiembre de 2022.- La titular de&hellip;<\/p>\n","protected":false},"author":2,"featured_media":45894,"comment_status":"closed","ping_status":"open","sticky":false,"template":"","format":"standard","meta":{"_lmt_disableupdate":"","_lmt_disable":"","_jetpack_memberships_contains_paid_content":false,"footnotes":""},"categories":[109,46],"tags":[1421],"class_list":["post-45893","post","type-post","status-publish","format-standard","has-post-thumbnail","hentry","category-minuto-a-minuto","category-zona-blanca","tag-secretaria-de-seguridad-publica-de-oaxaca-sspo"],"jetpack_featured_media_url":"https:\/\/zonaroja.com.mx\/wp-content\/uploads\/2022\/09\/sspo-5.jpeg","jetpack_sharing_enabled":true,"_links":{"self":[{"href":"https:\/\/zonaroja.com.mx\/index.php?rest_route=\/wp\/v2\/posts\/45893","targetHints":{"allow":["GET"]}}],"collection":[{"href":"https:\/\/zonaroja.com.mx\/index.php?rest_route=\/wp\/v2\/posts"}],"about":[{"href":"https:\/\/zonaroja.com.mx\/index.php?rest_route=\/wp\/v2\/types\/post"}],"author":[{"embeddable":true,"href":"https:\/\/zonaroja.com.mx\/index.php?rest_route=\/wp\/v2\/users\/2"}],"replies":[{"embeddable":true,"href":"https:\/\/zonaroja.com.mx\/index.php?rest_route=%2Fwp%2Fv2%2Fcomments&post=45893"}],"version-history":[{"count":1,"href":"https:\/\/zonaroja.com.mx\/index.php?rest_route=\/wp\/v2\/posts\/45893\/revisions"}],"predecessor-version":[{"id":45895,"href":"https:\/\/zonaroja.com.mx\/index.php?rest_route=\/wp\/v2\/posts\/45893\/revisions\/45895"}],"wp:featuredmedia":[{"embeddable":true,"href":"https:\/\/zonaroja.com.mx\/index.php?rest_route=\/wp\/v2\/media\/45894"}],"wp:attachment":[{"href":"https:\/\/zonaroja.com.mx\/index.php?rest_route=%2Fwp%2Fv2%2Fmedia&parent=45893"}],"wp:term":[{"taxonomy":"category","embeddable":true,"href":"https:\/\/zonaroja.com.mx\/index.php?rest_route=%2Fwp%2Fv2%2Fcategories&post=45893"},{"taxonomy":"post_tag","embeddable":true,"href":"https:\/\/zonaroja.com.mx\/index.php?rest_route=%2Fwp%2Fv2%2Ftags&post=45893"}],"curies":[{"name":"wp","href":"https:\/\/api.w.org\/{rel}","templated":true}]}}