{"id":45896,"date":"2022-09-17T09:28:00","date_gmt":"2022-09-17T14:28:00","guid":{"rendered":"http:\/\/www.zonaroja.com.mx\/?p=45896"},"modified":"2022-09-17T06:55:38","modified_gmt":"2022-09-17T11:55:38","slug":"detienen-a-individuo-que-se-abalanzo-hacia-ataud-de-la-reina-isabel-iii","status":"publish","type":"post","link":"https:\/\/zonaroja.com.mx\/?p=45896","title":{"rendered":"Detienen a individuo que se abalanz\u00f3 hacia ata\u00fad de la reina Isabel III"},"content":{"rendered":"\n<p>Redacci\u00f3n\/Zona Roja Cdxm.<\/p>\n\n\n\n<p>Ciudad de M\u00e9xico, a 17 de septiembre de 2022.- Un hombre fue detenido en Westminster Hall cuando, al llegar a la zona del ata\u00fad de la reina Isabel II se abalanz\u00f3 sobre el mismo y tir\u00f3 del catafalco. Incluso, agarr\u00f3 la bandera que lo cubre y hasta toc\u00f3 el f\u00e9retro.<\/p>\n\n\n\n<p>Los agentes de polic\u00eda llevaron r\u00e1pidamente al individuo al piso y lo sacaron del pasillo.<\/p>\n\n\n\n<p>El incidente fue presenciado por decenas de personas que hab\u00edan hecho una fila de varias horas para poder llegar a estar en frente del f\u00e9retro y despedir a la monarca.<\/p>\n\n\n\n<p>La avalancha de dolor por la muerte de la reina Isabel II oblig\u00f3 al gobierno de Gran Breta\u00f1a a paralizar temporalmente el viernes el ingreso de m\u00e1s gente a las kilom\u00e9tricas filas de la capilla ardiente, horas antes de que el rey Carlos III y sus hermanos participen velen el f\u00e9retro de su madre en el hist\u00f3rico Westminster Hall.<\/p>\n\n\n\n<p>El seguimiento en vivo de la fila indic\u00f3 que estaba \u00abllena\u2019&#8217; y que la entrada se \u201cpaus\u00f3\u201d durante seis horas debido a que el tiempo de espera rondaba las 14 horas. La fila se extend\u00eda a lo largo de ocho kil\u00f3metros, desde el Parlamento al Southwark Park, en el sur de Londres, y luego alrededor del parque.<\/p>\n\n\n\n<p>Por otra parte, una delegaci\u00f3n de funcionarios chinos no habr\u00eda podido visitar el hist\u00f3rico sal\u00f3n del Parlamento donde est\u00e1 instalada la capilla ardiente, en un incidente geopol\u00edtico que empa\u00f1a el solemne protocolo que rodea a la muerte de la monarca.<\/p>\n\n\n\n<p>(Informaci\u00f3n de agencias internacionales)<\/p>\n","protected":false},"excerpt":{"rendered":"<p>Redacci\u00f3n\/Zona Roja Cdxm. Ciudad de M\u00e9xico, a 17 de septiembre de 2022.- Un hombre fue&hellip;<\/p>\n","protected":false},"author":2,"featured_media":45897,"comment_status":"closed","ping_status":"open","sticky":false,"template":"","format":"standard","meta":{"_lmt_disableupdate":"","_lmt_disable":"","_jetpack_memberships_contains_paid_content":false,"footnotes":""},"categories":[109,47],"tags":[3250],"class_list":["post-45896","post","type-post","status-publish","format-standard","has-post-thumbnail","hentry","category-minuto-a-minuto","category-zona-gris","tag-reina-isabel-ii"],"jetpack_featured_media_url":"https:\/\/zonaroja.com.mx\/wp-content\/uploads\/2022\/09\/Detenido-abalanzo-tumba-reina-Isabel-.jpeg","jetpack_sharing_enabled":true,"_links":{"self":[{"href":"https:\/\/zonaroja.com.mx\/index.php?rest_route=\/wp\/v2\/posts\/45896","targetHints":{"allow":["GET"]}}],"collection":[{"href":"https:\/\/zonaroja.com.mx\/index.php?rest_route=\/wp\/v2\/posts"}],"about":[{"href":"https:\/\/zonaroja.com.mx\/index.php?rest_route=\/wp\/v2\/types\/post"}],"author":[{"embeddable":true,"href":"https:\/\/zonaroja.com.mx\/index.php?rest_route=\/wp\/v2\/users\/2"}],"replies":[{"embeddable":true,"href":"https:\/\/zonaroja.com.mx\/index.php?rest_route=%2Fwp%2Fv2%2Fcomments&post=45896"}],"version-history":[{"count":1,"href":"https:\/\/zonaroja.com.mx\/index.php?rest_route=\/wp\/v2\/posts\/45896\/revisions"}],"predecessor-version":[{"id":45898,"href":"https:\/\/zonaroja.com.mx\/index.php?rest_route=\/wp\/v2\/posts\/45896\/revisions\/45898"}],"wp:featuredmedia":[{"embeddable":true,"href":"https:\/\/zonaroja.com.mx\/index.php?rest_route=\/wp\/v2\/media\/45897"}],"wp:attachment":[{"href":"https:\/\/zonaroja.com.mx\/index.php?rest_route=%2Fwp%2Fv2%2Fmedia&parent=45896"}],"wp:term":[{"taxonomy":"category","embeddable":true,"href":"https:\/\/zonaroja.com.mx\/index.php?rest_route=%2Fwp%2Fv2%2Fcategories&post=45896"},{"taxonomy":"post_tag","embeddable":true,"href":"https:\/\/zonaroja.com.mx\/index.php?rest_route=%2Fwp%2Fv2%2Ftags&post=45896"}],"curies":[{"name":"wp","href":"https:\/\/api.w.org\/{rel}","templated":true}]}}