{"id":45902,"date":"2022-09-17T09:03:00","date_gmt":"2022-09-17T14:03:00","guid":{"rendered":"http:\/\/www.zonaroja.com.mx\/?p=45902"},"modified":"2022-09-17T07:11:29","modified_gmt":"2022-09-17T12:11:29","slug":"oaxaca-con-la-mayor-cantidad-de-municipios-sin-plan-de-proteccion-civil-inegi","status":"publish","type":"post","link":"https:\/\/zonaroja.com.mx\/?p=45902","title":{"rendered":"Oaxaca, con la mayor cantidad de municipios sin plan de protecci\u00f3n civil: Inegi"},"content":{"rendered":"\n<p>Yuridiana Sosa\/Zona Roja.<\/p>\n\n\n\n<p>Oaxaca de Ju\u00e1rez, Oax., a 17 de septiembre de 2022.- Oaxaca se coloc\u00f3 a nivel nacional en primer lugar por la mayor ausencia de un plan o programa de protecci\u00f3n civil, contingencia y atlas de riesgo en sus municipios.<\/p>\n\n\n\n<p>As\u00ed lo dio a conocer el Instituto Nacional de Estad\u00edstica y Geograf\u00eda (INEGI) en la estad\u00edstica a prop\u00f3sito del D\u00eda Nacional de Protecci\u00f3n Civil, a conmemorarse el 19 de septiembre, con datos de 2021 y 2022, en la que tambi\u00e9n detall\u00f3 la escasa disposici\u00f3n de ingresos para las contingencias.<\/p>\n\n\n\n<p>A pesar que Oaxaca es de los estados que m\u00e1s sismos registra cada a\u00f1o y sufre afectaciones por dicho fen\u00f3meno, as\u00ed como por huracanes y tormentas, al 2021 el 55.3 por ciento de los municipios en la entidad no disponen de un plan o programa de protecci\u00f3n civil, contingencia y atlas de riesgo.<\/p>\n\n\n\n<p>En la lista, le siguen Puebla con 40.1 por ciento y Yucat\u00e1n con 38.7 por ciento; por el contrario, Quintana Roo, Aguascalientes, Guanajuato y Chiapas tuvieron el mayor porcentaje de municipios con este instrumento.<\/p>\n\n\n\n<p>En la disponibilidad de planes o programas especiales en materia de protecci\u00f3n civil en las administraciones p\u00fablicas estatales para el 2022, Oaxaca, report\u00f3 no contar con un instrumento especial para la \u201cSemana Santa\u201d, pero s\u00ed en emergencias como incendios forestales, sequ\u00edas, temporada invernal, lluvias y pandemia de Covid.<\/p>\n\n\n\n<p>Respecto al personal que labora en el \u00e1rea de protecci\u00f3n civil, la tasa para Oaxaca es de 2.7 por ciento por cada 100 mil habitantes, coloc\u00e1ndose en la posici\u00f3n 14 a nivel nacional y por debajo de la media nacional de tres.<\/p>\n\n\n\n<p>Con relaci\u00f3n a la disposici\u00f3n de un \u201cFondo propio para la atenci\u00f3n de emergencias y desastres por entidad federativa, seg\u00fan \u00e1mbito de gobierno, 2020 y 2021\u201d, en lo estatal report\u00f3 que no existe, y s\u00f3lo 2.3 municipios reportaron que s\u00ed cuentan con recursos propios para dichas eventualidades.<\/p>\n\n\n\n<p>EN EL PA\u00cdS<\/p>\n\n\n\n<p>En ese rubro, el INEGI indic\u00f3 que, en 2021 s\u00f3lo 11 gobiernos estatales contaron con un fondo propio para la atenci\u00f3n de emergencias y desastres, mientras que, en 2020 el 7.6 por ciento de las dos mil 454 administraciones municipales en el pa\u00eds contaron con ese fondo, el que Tabasco report\u00f3 la existencia en el 70.6 por ciento de sus municipios.<\/p>\n\n\n\n<p>Sobre el atlas de riesgo, instrumento de prevenci\u00f3n y planeaci\u00f3n, 28 gobiernos estatales reportaron tener uno, pero solo el 37 por ciento de los municipios del pa\u00eds contaba con uno.<\/p>\n","protected":false},"excerpt":{"rendered":"<p>Yuridiana Sosa\/Zona Roja. Oaxaca de Ju\u00e1rez, Oax., a 17 de septiembre de 2022.- Oaxaca se&hellip;<\/p>\n","protected":false},"author":2,"featured_media":36511,"comment_status":"closed","ping_status":"open","sticky":false,"template":"","format":"standard","meta":{"_lmt_disableupdate":"","_lmt_disable":"","_jetpack_memberships_contains_paid_content":false,"footnotes":""},"categories":[109,47],"tags":[212],"class_list":["post-45902","post","type-post","status-publish","format-standard","has-post-thumbnail","hentry","category-minuto-a-minuto","category-zona-gris","tag-coordinacion-estatal-de-proteccion-civil"],"jetpack_featured_media_url":"https:\/\/zonaroja.com.mx\/wp-content\/uploads\/2022\/01\/Alerta-sismica-Oaxaca.jpg","jetpack_sharing_enabled":true,"_links":{"self":[{"href":"https:\/\/zonaroja.com.mx\/index.php?rest_route=\/wp\/v2\/posts\/45902","targetHints":{"allow":["GET"]}}],"collection":[{"href":"https:\/\/zonaroja.com.mx\/index.php?rest_route=\/wp\/v2\/posts"}],"about":[{"href":"https:\/\/zonaroja.com.mx\/index.php?rest_route=\/wp\/v2\/types\/post"}],"author":[{"embeddable":true,"href":"https:\/\/zonaroja.com.mx\/index.php?rest_route=\/wp\/v2\/users\/2"}],"replies":[{"embeddable":true,"href":"https:\/\/zonaroja.com.mx\/index.php?rest_route=%2Fwp%2Fv2%2Fcomments&post=45902"}],"version-history":[{"count":1,"href":"https:\/\/zonaroja.com.mx\/index.php?rest_route=\/wp\/v2\/posts\/45902\/revisions"}],"predecessor-version":[{"id":45903,"href":"https:\/\/zonaroja.com.mx\/index.php?rest_route=\/wp\/v2\/posts\/45902\/revisions\/45903"}],"wp:featuredmedia":[{"embeddable":true,"href":"https:\/\/zonaroja.com.mx\/index.php?rest_route=\/wp\/v2\/media\/36511"}],"wp:attachment":[{"href":"https:\/\/zonaroja.com.mx\/index.php?rest_route=%2Fwp%2Fv2%2Fmedia&parent=45902"}],"wp:term":[{"taxonomy":"category","embeddable":true,"href":"https:\/\/zonaroja.com.mx\/index.php?rest_route=%2Fwp%2Fv2%2Fcategories&post=45902"},{"taxonomy":"post_tag","embeddable":true,"href":"https:\/\/zonaroja.com.mx\/index.php?rest_route=%2Fwp%2Fv2%2Ftags&post=45902"}],"curies":[{"name":"wp","href":"https:\/\/api.w.org\/{rel}","templated":true}]}}