{"id":45904,"date":"2022-09-17T07:47:20","date_gmt":"2022-09-17T12:47:20","guid":{"rendered":"http:\/\/www.zonaroja.com.mx\/?p=45904"},"modified":"2022-09-17T07:47:21","modified_gmt":"2022-09-17T12:47:21","slug":"coronan-en-oaxaca-a-abuelita-de-104-anos-como-senora-independencia-2022","status":"publish","type":"post","link":"https:\/\/zonaroja.com.mx\/?p=45904","title":{"rendered":"Coronan en Oaxaca a abuelita de 104 a\u00f1os como \u00abSe\u00f1ora Independencia 2022\u00bb"},"content":{"rendered":"\n<p>Redacci\u00f3n\/Informativo 570.<\/p>\n\n\n\n<p>Oaxaca de Ju\u00e1rez, Oax., a 17 de septiembre de 2022.- La autoridad municipal de Santiago Niltepec, municipio de la regi\u00f3n del Istmo de Tehuantepec, coron\u00f3 como \u00abSe\u00f1ora Independencia 2022\u00bb a una abuelita de 104 a\u00f1os de edad.<\/p>\n\n\n\n<p>En el marco de la celebraci\u00f3n del 212 Aniversario del Grito de Independencia, el edil Froyl\u00e1n Medina Santos, realiz\u00f3 este acto considerado como in\u00e9dito, toda vez que reconoci\u00f3 a la abuelita Sabina Espinoza G\u00e1lvez, como la mujer m\u00e1s longeva de Niltepec.<\/p>\n\n\n\n<p>Previo a la ceremonia del Grito, el mun\u00edcipe le coloc\u00f3 su corona a la abuela ataviada en su traje tradicional y la felicit\u00f3 por sus a\u00f1os, toda vez que es una mujer que se conserva fuerte y con actitud.<\/p>\n\n\n\n<p>Sus damas de honor, fueron &nbsp;las se\u00f1oras Catalina Fuentes, Rosa Mumenthey L\u00f3pez, Herlinda Gonzales y Mar\u00eda Gonzaga.<\/p>\n\n\n\n<p>Santiago Niltepec es un municipio que se ubica en la zona oriente de la regi\u00f3n del Istmo y que, como el resto de las demarcaciones del estado, celebr\u00f3 el Grito como el desfile del inicio de la Independencia con actos p\u00fablicos masivos.<\/p>\n","protected":false},"excerpt":{"rendered":"<p>Redacci\u00f3n\/Informativo 570. Oaxaca de Ju\u00e1rez, Oax., a 17 de septiembre de 2022.- La autoridad municipal&hellip;<\/p>\n","protected":false},"author":2,"featured_media":45905,"comment_status":"closed","ping_status":"open","sticky":false,"template":"","format":"standard","meta":{"_lmt_disableupdate":"","_lmt_disable":"","_jetpack_memberships_contains_paid_content":false,"footnotes":""},"categories":[109,46],"tags":[3262],"class_list":["post-45904","post","type-post","status-publish","format-standard","has-post-thumbnail","hentry","category-minuto-a-minuto","category-zona-blanca","tag-santiago-niltepec"],"jetpack_featured_media_url":"https:\/\/zonaroja.com.mx\/wp-content\/uploads\/2022\/09\/Abuelita-fiestas-patrias-Niltepec.jpg","jetpack_sharing_enabled":true,"_links":{"self":[{"href":"https:\/\/zonaroja.com.mx\/index.php?rest_route=\/wp\/v2\/posts\/45904","targetHints":{"allow":["GET"]}}],"collection":[{"href":"https:\/\/zonaroja.com.mx\/index.php?rest_route=\/wp\/v2\/posts"}],"about":[{"href":"https:\/\/zonaroja.com.mx\/index.php?rest_route=\/wp\/v2\/types\/post"}],"author":[{"embeddable":true,"href":"https:\/\/zonaroja.com.mx\/index.php?rest_route=\/wp\/v2\/users\/2"}],"replies":[{"embeddable":true,"href":"https:\/\/zonaroja.com.mx\/index.php?rest_route=%2Fwp%2Fv2%2Fcomments&post=45904"}],"version-history":[{"count":1,"href":"https:\/\/zonaroja.com.mx\/index.php?rest_route=\/wp\/v2\/posts\/45904\/revisions"}],"predecessor-version":[{"id":45906,"href":"https:\/\/zonaroja.com.mx\/index.php?rest_route=\/wp\/v2\/posts\/45904\/revisions\/45906"}],"wp:featuredmedia":[{"embeddable":true,"href":"https:\/\/zonaroja.com.mx\/index.php?rest_route=\/wp\/v2\/media\/45905"}],"wp:attachment":[{"href":"https:\/\/zonaroja.com.mx\/index.php?rest_route=%2Fwp%2Fv2%2Fmedia&parent=45904"}],"wp:term":[{"taxonomy":"category","embeddable":true,"href":"https:\/\/zonaroja.com.mx\/index.php?rest_route=%2Fwp%2Fv2%2Fcategories&post=45904"},{"taxonomy":"post_tag","embeddable":true,"href":"https:\/\/zonaroja.com.mx\/index.php?rest_route=%2Fwp%2Fv2%2Ftags&post=45904"}],"curies":[{"name":"wp","href":"https:\/\/api.w.org\/{rel}","templated":true}]}}