{"id":45907,"date":"2022-09-17T12:05:00","date_gmt":"2022-09-17T17:05:00","guid":{"rendered":"http:\/\/www.zonaroja.com.mx\/?p=45907"},"modified":"2022-09-17T08:13:12","modified_gmt":"2022-09-17T13:13:12","slug":"presidenta-de-cndh-no-consulto-con-consejeros-su-aprobacion-a-guardia-nacional","status":"publish","type":"post","link":"https:\/\/zonaroja.com.mx\/?p=45907","title":{"rendered":"Presidenta de CNDH no consult\u00f3 con consejeros su aprobaci\u00f3n a Guardia Nacional"},"content":{"rendered":"\n<p>Redacci\u00f3n\/Zona Roja Cdmx.<\/p>\n\n\n\n<p>Ciudad de M\u00e9xico, a 17 de septiembre de 2022.- Integrantes del Consejo Consultivo de la Comisi\u00f3n Nacional de los Derechos Humanos (CNDH) manifestaron su desacuerdo con que este organismo no promueva una acci\u00f3n de inconstitucionalidad contra las reformas aprobadas por el Senado, con las que la Secretar\u00eda de la Defensa Nacional (Sedena) toma el control administrativo y operativo de la Guardia Nacional (GN), y su posicionamiento en el que respalda las modificaciones legislativas.<\/p>\n\n\n\n<p>En un documento firmado por seis de los nueve consejeros consultivos, lamentaron que la CNDH, presidida por Rosario Piedra Ibarra, \u201cno considere el marco constitucional, los acuerdos internacionales en materia de derechos humanos ratificados por M\u00e9xico ni las diversas sentencias y criterios en la materia\u201d.<\/p>\n\n\n\n<p>Cabe recordar que en su posicionamiento, la CNDH defendi\u00f3 que las modificaciones legislativas atienden \u201clos par\u00e1metros tanto nacionales como internacionales de los derechos humanos\u201d.<\/p>\n\n\n\n<p>Los consejeros manifestaron su compromiso \u201ca apoyar las iniciativas ciudadanas encaminadas a revertir la reforma y sus consecuencias, as\u00ed como a acompa\u00f1ar a las potenciales v\u00edctimas y personas agraviadas que resulten de esta desafortunada decisi\u00f3n\u201d.<\/p>\n\n\n\n<p>(Informaci\u00f3n de \u201cLa Jornada\u201d)<\/p>\n","protected":false},"excerpt":{"rendered":"<p>Redacci\u00f3n\/Zona Roja Cdmx. Ciudad de M\u00e9xico, a 17 de septiembre de 2022.- Integrantes del Consejo&hellip;<\/p>\n","protected":false},"author":2,"featured_media":44297,"comment_status":"closed","ping_status":"open","sticky":false,"template":"","format":"standard","meta":{"_lmt_disableupdate":"","_lmt_disable":"","_jetpack_memberships_contains_paid_content":false,"footnotes":""},"categories":[109,47],"tags":[278],"class_list":["post-45907","post","type-post","status-publish","format-standard","has-post-thumbnail","hentry","category-minuto-a-minuto","category-zona-gris","tag-guardia-nacional"],"jetpack_featured_media_url":"https:\/\/zonaroja.com.mx\/wp-content\/uploads\/2022\/08\/Guardia-Nacional-Mexico.jpg","jetpack_sharing_enabled":true,"_links":{"self":[{"href":"https:\/\/zonaroja.com.mx\/index.php?rest_route=\/wp\/v2\/posts\/45907","targetHints":{"allow":["GET"]}}],"collection":[{"href":"https:\/\/zonaroja.com.mx\/index.php?rest_route=\/wp\/v2\/posts"}],"about":[{"href":"https:\/\/zonaroja.com.mx\/index.php?rest_route=\/wp\/v2\/types\/post"}],"author":[{"embeddable":true,"href":"https:\/\/zonaroja.com.mx\/index.php?rest_route=\/wp\/v2\/users\/2"}],"replies":[{"embeddable":true,"href":"https:\/\/zonaroja.com.mx\/index.php?rest_route=%2Fwp%2Fv2%2Fcomments&post=45907"}],"version-history":[{"count":1,"href":"https:\/\/zonaroja.com.mx\/index.php?rest_route=\/wp\/v2\/posts\/45907\/revisions"}],"predecessor-version":[{"id":45908,"href":"https:\/\/zonaroja.com.mx\/index.php?rest_route=\/wp\/v2\/posts\/45907\/revisions\/45908"}],"wp:featuredmedia":[{"embeddable":true,"href":"https:\/\/zonaroja.com.mx\/index.php?rest_route=\/wp\/v2\/media\/44297"}],"wp:attachment":[{"href":"https:\/\/zonaroja.com.mx\/index.php?rest_route=%2Fwp%2Fv2%2Fmedia&parent=45907"}],"wp:term":[{"taxonomy":"category","embeddable":true,"href":"https:\/\/zonaroja.com.mx\/index.php?rest_route=%2Fwp%2Fv2%2Fcategories&post=45907"},{"taxonomy":"post_tag","embeddable":true,"href":"https:\/\/zonaroja.com.mx\/index.php?rest_route=%2Fwp%2Fv2%2Ftags&post=45907"}],"curies":[{"name":"wp","href":"https:\/\/api.w.org\/{rel}","templated":true}]}}