{"id":45917,"date":"2022-09-17T16:50:15","date_gmt":"2022-09-17T21:50:15","guid":{"rendered":"http:\/\/www.zonaroja.com.mx\/?p=45917"},"modified":"2022-09-17T16:50:17","modified_gmt":"2022-09-17T21:50:17","slug":"cumplen-15-dias-los-10-retenidos-de-santiago-progreso-en-ozumacin","status":"publish","type":"post","link":"https:\/\/zonaroja.com.mx\/?p=45917","title":{"rendered":"Cumplen 15 d\u00edas los 10 retenidos de Santiago Progreso en Ozumac\u00edn"},"content":{"rendered":"\n<p>Yuridiana Sosa\/ Zona Roja.<\/p>\n\n\n\n<p>Oaxaca de Ju\u00e1rez, Oax., a 17 de septiembre de 2022.- En condiciones desconocidas, 10 pobladores de Santiago Progreso, del municipio de de Valle Nacional, cumplen 15 d\u00edas retenidos por habitantes de San Pedro Ozumac\u00edn, del municipio de Ayotzintepec, en la regi\u00f3n de la Cuenca.<\/p>\n\n\n\n<p>Los afectados son acusados de da\u00f1os a tierras comunes y ejidatarias que comparten ambas comunidades, entre los que apuntan la deforestaci\u00f3n, por lo que demandan un mill\u00f3n de pesos para la reparaci\u00f3n de da\u00f1os.<\/p>\n\n\n\n<p>La retenci\u00f3n se registr\u00f3 el pasado 2 de septiembre cuando fueron citados a una reuni\u00f3n en San Pedro Ozumac\u00edn, momento que aprovech\u00f3 la poblaci\u00f3n inconforme para la privaci\u00f3n ilegal de la libertad.<\/p>\n\n\n\n<p>Hasta el momento no existe una mesa \u00fanica de negociaci\u00f3n, lo que dificulta un acuerdo entre ambas partes para la liberaci\u00f3n de los hombres.<\/p>\n\n\n\n<p>El Coordinador de Atenci\u00f3n Regional en la Cuenca, de la Secretar\u00eda General de Gobierno, V\u00edctor Virgen, se\u00f1al\u00f3 que las reuniones se han realizado por separado, sin embargo, Ozumac\u00edn insiste en que los representantes de Santiago Progreso asistan a su comunidad a negociar.<\/p>\n\n\n\n<p>Sobre el pliego de peticiones, el funcionario apunt\u00f3 que reservaba la informaci\u00f3n por la delicadeza del tema, mismo en el que tambi\u00e9n interviene la Fiscal\u00eda General de Oaxaca.<\/p>\n\n\n\n<p>El estado de salud de los retenidos es reservado, pues aunque asisti\u00f3 hace algunos d\u00edas una comisi\u00f3n de la Segego y un actuario, dijo que desconoce con precisi\u00f3n el estado actual, f\u00edsico y de salud de los 10 pobladores de Santiago Progreso.<\/p>\n\n\n\n<p>De acuerdo con informaci\u00f3n de pobladores de Ozumac\u00edn, les han otorgado alimento, agreg\u00f3 el funcionario.<\/p>\n\n\n\n<p>En tanto, familiares de los afectados han realizado manifestaciones &nbsp;desde hace dos semanas en la regi\u00f3n del Cuenca y en la capital del estado para demandar la intervenci\u00f3n oportuna de la Segego, la Fiscal\u00eda de Oaxaca para lograr la liberaci\u00f3n de sus compa\u00f1eros.<\/p>\n\n\n\n<p>Por su parte, la Defensor\u00eda de los Derechos Humanos del Pueblo de Oaxaca abri\u00f3 el expediente SSHPO\/1397\/(26)\/Oax\/2022, en el que exhorta la actuaci\u00f3n de las autoridades.&nbsp;<\/p>\n","protected":false},"excerpt":{"rendered":"<p>Yuridiana Sosa\/ Zona Roja. Oaxaca de Ju\u00e1rez, Oax., a 17 de septiembre de 2022.- En&hellip;<\/p>\n","protected":false},"author":2,"featured_media":45919,"comment_status":"closed","ping_status":"open","sticky":false,"template":"","format":"standard","meta":{"_lmt_disableupdate":"","_lmt_disable":"","_jetpack_memberships_contains_paid_content":false,"footnotes":""},"categories":[109,47],"tags":[3260],"class_list":["post-45917","post","type-post","status-publish","format-standard","has-post-thumbnail","hentry","category-minuto-a-minuto","category-zona-gris","tag-santiago-progreso"],"jetpack_featured_media_url":"https:\/\/zonaroja.com.mx\/wp-content\/uploads\/2022\/09\/Retenidos-Santiago-Progreso-Ozumacin.jpg","jetpack_sharing_enabled":true,"_links":{"self":[{"href":"https:\/\/zonaroja.com.mx\/index.php?rest_route=\/wp\/v2\/posts\/45917","targetHints":{"allow":["GET"]}}],"collection":[{"href":"https:\/\/zonaroja.com.mx\/index.php?rest_route=\/wp\/v2\/posts"}],"about":[{"href":"https:\/\/zonaroja.com.mx\/index.php?rest_route=\/wp\/v2\/types\/post"}],"author":[{"embeddable":true,"href":"https:\/\/zonaroja.com.mx\/index.php?rest_route=\/wp\/v2\/users\/2"}],"replies":[{"embeddable":true,"href":"https:\/\/zonaroja.com.mx\/index.php?rest_route=%2Fwp%2Fv2%2Fcomments&post=45917"}],"version-history":[{"count":1,"href":"https:\/\/zonaroja.com.mx\/index.php?rest_route=\/wp\/v2\/posts\/45917\/revisions"}],"predecessor-version":[{"id":45920,"href":"https:\/\/zonaroja.com.mx\/index.php?rest_route=\/wp\/v2\/posts\/45917\/revisions\/45920"}],"wp:featuredmedia":[{"embeddable":true,"href":"https:\/\/zonaroja.com.mx\/index.php?rest_route=\/wp\/v2\/media\/45919"}],"wp:attachment":[{"href":"https:\/\/zonaroja.com.mx\/index.php?rest_route=%2Fwp%2Fv2%2Fmedia&parent=45917"}],"wp:term":[{"taxonomy":"category","embeddable":true,"href":"https:\/\/zonaroja.com.mx\/index.php?rest_route=%2Fwp%2Fv2%2Fcategories&post=45917"},{"taxonomy":"post_tag","embeddable":true,"href":"https:\/\/zonaroja.com.mx\/index.php?rest_route=%2Fwp%2Fv2%2Ftags&post=45917"}],"curies":[{"name":"wp","href":"https:\/\/api.w.org\/{rel}","templated":true}]}}