{"id":45922,"date":"2022-09-17T20:48:27","date_gmt":"2022-09-18T01:48:27","guid":{"rendered":"https:\/\/www.zonaroja.com.mx\/?p=45922"},"modified":"2022-09-17T20:48:28","modified_gmt":"2022-09-18T01:48:28","slug":"amlo-pide-a-habitantes-de-guerrero-y-oaxaca-ir-a-zonas-altas-por-tormenta-lester","status":"publish","type":"post","link":"https:\/\/zonaroja.com.mx\/?p=45922","title":{"rendered":"AMLO pide a habitantes de Guerrero y Oaxaca ir a zonas altas por tormenta \u2018Lester\u2019"},"content":{"rendered":"\n<p>Redacci\u00f3n\/Zona Roja Cdmx.<\/p>\n\n\n\n<p>Ciudad de M\u00e9xico, a 17 de septiembre de 2022.-&nbsp;El presidente Andr\u00e9s Manuel L\u00f3pez Obrador pidi\u00f3 a los habitantes de las costas de Guerrero y Oaxaca extremar precauciones ante el impacto de la tormenta tropical \u201cLester\u201d e incluso los llam\u00f3 a ir las zonas altas de la sierra para evitar riesgos.<\/p>\n\n\n\n<p>\u201cYa est\u00e1 actuando Protecci\u00f3n Civil, el Ej\u00e9rcito, la Marina, todos pendientes, pero tenemos que nosotros hacer lo que nos corresponde. La gente tiene que hacer lo que les corresponde y no se conf\u00eden, es mejor irse a la parte alta con familiares, con amigos, y esperar a que pase esta tormenta, porque s\u00ed va haber bastante lluvia\u201d, dijo el mandatario federal en un video publicado en sus redes sociales.<\/p>\n\n\n\n<p>De acuerdo con el Servicio Meteorol\u00f3gico Nacional (SMN), se tiene previsto que el centro de la tormenta impacte este s\u00e1bado entre las 13:00 y 15:00 horas, tiempo del centro M\u00e9xico, sobre costas de Guerrero, al este de Barra Vieja.<\/p>\n\n\n\n<p>A las 10:00 horas, tiempo del centro de M\u00e9xico, Lester se localiza a 60 kil\u00f3metros (km) al sur de Punta Maldonado, y a 140 km al sureste de Acapulco, Guerrero; con vientos m\u00e1ximos sostenidos de 65 km\/h, rachas de 85 km\/h y desplazamiento hacia el noroeste a 17 km\/h.<\/p>\n\n\n\n<p>\u201cHay que tomar medidas, no hay que confiarse. Si se vive cerca de r\u00edos, de los arroyos, ya ven cuando llueve mucho se desbordan r\u00edos, los arroyos, hay que tener cuidado\u201d, expuso el jefe del Ejecutivo federal, quien realiz\u00f3 una caminata por los terrenos del Heroico Colegio Militar, en Tlalpan.<\/p>\n\n\n\n<p>El Servicio Meteorol\u00f3gico Nacional (SMN), de la Comisi\u00f3n Nacional del Agua (Conagua), en coordinaci\u00f3n con el Centro Nacional de Huracanes de Miami, Estados Unidos de Am\u00e9rica, mantienen zona de prevenci\u00f3n por efectos de tormenta tropical desde Puerto Escondido, Oaxaca, hasta Zihuatanejo, Guerrero, y zona de vigilancia por efectos de tormenta tropical desde Zihuatanejo, Guerrero, hasta L\u00e1zaro C\u00e1rdenas, Michoac\u00e1n.<\/p>\n\n\n\n<p>(Informaci\u00f3n de Forbes M\u00e9xico)<\/p>\n\n\n\n<figure class=\"wp-block-embed\"><div class=\"wp-block-embed__wrapper\">\n<div class=\"twitter-tweet\"><blockquote class=\"twitter-tweet\" data-lang=\"es\"><p lang=\"es\" dir=\"ltr\">Despu\u00e9s de las fiestas patrias, caminar y escalar para seguir estando al cien en lo f\u00edsico, lo racional y lo espiritual. <a href=\"https:\/\/t.co\/1Hy4kdRqEn\">pic.twitter.com\/1Hy4kdRqEn<\/a><\/p>&mdash; Andr\u00e9s Manuel (@lopezobrador_) <a href=\"https:\/\/twitter.com\/lopezobrador_\/status\/1571187312951787522?ref_src=twsrc%5Etfw\">17 de septiembre de 2022<\/a><\/blockquote><\/div>\n<\/div><\/figure>\n","protected":false},"excerpt":{"rendered":"<p>Redacci\u00f3n\/Zona Roja Cdmx. Ciudad de M\u00e9xico, a 17 de septiembre de 2022.-&nbsp;El presidente Andr\u00e9s Manuel&hellip;<\/p>\n","protected":false},"author":2,"featured_media":45921,"comment_status":"closed","ping_status":"open","sticky":false,"template":"","format":"standard","meta":{"_lmt_disableupdate":"","_lmt_disable":"","_jetpack_memberships_contains_paid_content":false,"footnotes":""},"categories":[109,47],"tags":[],"class_list":["post-45922","post","type-post","status-publish","format-standard","has-post-thumbnail","hentry","category-minuto-a-minuto","category-zona-gris"],"jetpack_featured_media_url":"https:\/\/zonaroja.com.mx\/wp-content\/uploads\/2022\/09\/042277f8-9d94-4401-9cb0-1911f40b465e.jpg","jetpack_sharing_enabled":true,"_links":{"self":[{"href":"https:\/\/zonaroja.com.mx\/index.php?rest_route=\/wp\/v2\/posts\/45922","targetHints":{"allow":["GET"]}}],"collection":[{"href":"https:\/\/zonaroja.com.mx\/index.php?rest_route=\/wp\/v2\/posts"}],"about":[{"href":"https:\/\/zonaroja.com.mx\/index.php?rest_route=\/wp\/v2\/types\/post"}],"author":[{"embeddable":true,"href":"https:\/\/zonaroja.com.mx\/index.php?rest_route=\/wp\/v2\/users\/2"}],"replies":[{"embeddable":true,"href":"https:\/\/zonaroja.com.mx\/index.php?rest_route=%2Fwp%2Fv2%2Fcomments&post=45922"}],"version-history":[{"count":1,"href":"https:\/\/zonaroja.com.mx\/index.php?rest_route=\/wp\/v2\/posts\/45922\/revisions"}],"predecessor-version":[{"id":45923,"href":"https:\/\/zonaroja.com.mx\/index.php?rest_route=\/wp\/v2\/posts\/45922\/revisions\/45923"}],"wp:featuredmedia":[{"embeddable":true,"href":"https:\/\/zonaroja.com.mx\/index.php?rest_route=\/wp\/v2\/media\/45921"}],"wp:attachment":[{"href":"https:\/\/zonaroja.com.mx\/index.php?rest_route=%2Fwp%2Fv2%2Fmedia&parent=45922"}],"wp:term":[{"taxonomy":"category","embeddable":true,"href":"https:\/\/zonaroja.com.mx\/index.php?rest_route=%2Fwp%2Fv2%2Fcategories&post=45922"},{"taxonomy":"post_tag","embeddable":true,"href":"https:\/\/zonaroja.com.mx\/index.php?rest_route=%2Fwp%2Fv2%2Ftags&post=45922"}],"curies":[{"name":"wp","href":"https:\/\/api.w.org\/{rel}","templated":true}]}}