{"id":45924,"date":"2022-09-18T09:00:00","date_gmt":"2022-09-18T14:00:00","guid":{"rendered":"http:\/\/www.zonaroja.com.mx\/?p=45924"},"modified":"2022-09-18T06:34:39","modified_gmt":"2022-09-18T11:34:39","slug":"critica-ucrania-plan-de-lopez-obrador-para-pacificar-con-rusia","status":"publish","type":"post","link":"https:\/\/zonaroja.com.mx\/?p=45924","title":{"rendered":"Critica Ucrania plan de L\u00f3pez Obrador para pacificar con Rusia"},"content":{"rendered":"\n<p>Redacci\u00f3n\/Zona Roja Cdmx.<\/p>\n\n\n\n<p>Ciudad de M\u00e9xico, a 18 de septiembre de 2022.- Luego de que el Presidente Andr\u00e9s Manuel L\u00f3pez Obrador acusara a la industria b\u00e9lica de incitar la guerra en Ucrania y comentar que se debe realizar un plan de paz mundial, Mijailo Podoliak, asesor del presidente Volid\u00edmir Zelenski, respondi\u00f3 que es un plan ruso.<\/p>\n\n\n\n<p>En su cuenta de Twitter, escribi\u00f3 que AMLO usa la guerra de Ucrania y Rusia para sus propias relaciones p\u00fablicas.<\/p>\n\n\n\n<p>\u2018\u2019Los \u2018pacificadores\u2019 que usan la guerra como tema para sus propias relaciones p\u00fablicas solo causan sorpresa. @lopezobrador_, \u00bfsu plan es mantener a millones bajo ocupaci\u00f3n, aumentar el n\u00famero de entierros masivos y dar tiempo a Rusia para renovar las reservas antes de la pr\u00f3xima ofensiva? Entonces su \u2018plan\u2019 es un plan ruso\u2019&#8217;, escribi\u00f3 Podoliak.<\/p>\n\n\n\n<p>AMLO propuso una tregua de cinco a\u00f1os de paz mundial y un plan para la creaci\u00f3n de un comit\u00e9 que ayude a resolver el conflicto b\u00e9lico entre Rusia y Ucrania, mismo que ser\u00e1 presentado en la Asamblea General de las Naciones Unidas (ONU) por Marcelo Ebrard en los pr\u00f3ximos d\u00edas.<\/p>\n\n\n\n<p>Durante la ceremonia previa al desfile militar, el mandatario mexicano reprob\u00f3 la invasi\u00f3n de Rusia a Ucrania y sentenci\u00f3 que M\u00e9xico no acepta \u201cninguna intervenci\u00f3n extranjera\u201d, ya que la naci\u00f3n ha sido v\u00edctima de intervenciones en cinco ocasiones.<\/p>\n\n\n\n<p>\u201cSe trata de buscar con urgencia un acuerdo para detener la guerra en Ucrania y lograr hacia adelante una tregua de cuando menos cinco a\u00f1os en favor de la paz entre todas las naciones para dedicar todo ese tiempo para enfrentar todo ese tiempo a enfrentan los grandes problemas econ\u00f3micos y sociales que aquejan y atormentan a los pueblos del mundo\u201d dijo AMLO en la plancha del z\u00f3calo capitalino.<\/p>\n\n\n\n<p>Este comit\u00e9 estar\u00eda integrado, si aceptan, por el papa Francisco; Narendra Modi, primer ministro de la India; Ant\u00f3nio Guterres, secretario general de la ONU.<\/p>\n\n\n\n<p>\u201cLa misi\u00f3n pacificadora debe buscar de inmediato el cese de hostilidades en Ucrania y el inicio de platicas directas con el presidente (Volod\u00edmir) Zelenski de Ucrania y con el presidente Putin de Rusia\u201d, se\u00f1al\u00f3 L\u00f3pez Obrador.<\/p>\n\n\n\n<p>(Informaci\u00f3n de \u201cEl Financiero\u201d)<\/p>\n","protected":false},"excerpt":{"rendered":"<p>Redacci\u00f3n\/Zona Roja Cdmx. Ciudad de M\u00e9xico, a 18 de septiembre de 2022.- Luego de que&hellip;<\/p>\n","protected":false},"author":2,"featured_media":45925,"comment_status":"closed","ping_status":"open","sticky":false,"template":"","format":"standard","meta":{"_lmt_disableupdate":"","_lmt_disable":"","_jetpack_memberships_contains_paid_content":false,"footnotes":""},"categories":[109,47],"tags":[3040],"class_list":["post-45924","post","type-post","status-publish","format-standard","has-post-thumbnail","hentry","category-minuto-a-minuto","category-zona-gris","tag-conflicto-ucrania-rusia-2"],"jetpack_featured_media_url":"https:\/\/zonaroja.com.mx\/wp-content\/uploads\/2022\/09\/Lopez-Obrador-y-Zelensky.jpeg","jetpack_sharing_enabled":true,"_links":{"self":[{"href":"https:\/\/zonaroja.com.mx\/index.php?rest_route=\/wp\/v2\/posts\/45924","targetHints":{"allow":["GET"]}}],"collection":[{"href":"https:\/\/zonaroja.com.mx\/index.php?rest_route=\/wp\/v2\/posts"}],"about":[{"href":"https:\/\/zonaroja.com.mx\/index.php?rest_route=\/wp\/v2\/types\/post"}],"author":[{"embeddable":true,"href":"https:\/\/zonaroja.com.mx\/index.php?rest_route=\/wp\/v2\/users\/2"}],"replies":[{"embeddable":true,"href":"https:\/\/zonaroja.com.mx\/index.php?rest_route=%2Fwp%2Fv2%2Fcomments&post=45924"}],"version-history":[{"count":1,"href":"https:\/\/zonaroja.com.mx\/index.php?rest_route=\/wp\/v2\/posts\/45924\/revisions"}],"predecessor-version":[{"id":45926,"href":"https:\/\/zonaroja.com.mx\/index.php?rest_route=\/wp\/v2\/posts\/45924\/revisions\/45926"}],"wp:featuredmedia":[{"embeddable":true,"href":"https:\/\/zonaroja.com.mx\/index.php?rest_route=\/wp\/v2\/media\/45925"}],"wp:attachment":[{"href":"https:\/\/zonaroja.com.mx\/index.php?rest_route=%2Fwp%2Fv2%2Fmedia&parent=45924"}],"wp:term":[{"taxonomy":"category","embeddable":true,"href":"https:\/\/zonaroja.com.mx\/index.php?rest_route=%2Fwp%2Fv2%2Fcategories&post=45924"},{"taxonomy":"post_tag","embeddable":true,"href":"https:\/\/zonaroja.com.mx\/index.php?rest_route=%2Fwp%2Fv2%2Ftags&post=45924"}],"curies":[{"name":"wp","href":"https:\/\/api.w.org\/{rel}","templated":true}]}}