{"id":45929,"date":"2022-09-18T07:17:35","date_gmt":"2022-09-18T12:17:35","guid":{"rendered":"http:\/\/www.zonaroja.com.mx\/?p=45929"},"modified":"2022-09-18T07:17:37","modified_gmt":"2022-09-18T12:17:37","slug":"baja-riesgo-de-lluvias-por-lester-en-oaxaca-multiples-danos","status":"publish","type":"post","link":"https:\/\/zonaroja.com.mx\/?p=45929","title":{"rendered":"Baja riesgo de lluvias por \u201cLester\u201d; en Oaxaca, m\u00faltiples da\u00f1os"},"content":{"rendered":"\n<p>Redacci\u00f3n\/Zona Roja.<\/p>\n\n\n\n<p>Oaxaca de Ju\u00e1rez, Oax. 17 de septiembre de 2022.&nbsp; La Tormenta Tropical \u201cLester\u201d se degrad\u00f3 ayer a baja presi\u00f3n remanente, luego de impactar tierra en las costas de Guerrero.<\/p>\n\n\n\n<p>Con ello baj\u00f3 la intensidad de las lluvias y los riesgos en la entidad; no obstante, durante el continuar\u00e1n las precipitaciones pluviales en la entidad, seg\u00fan la Comisi\u00f3n Nacional del Agua (Conagua).<\/p>\n\n\n\n<p>De los da\u00f1os causados principalmente ayer s\u00e1bado, en que se intensificaron las lluvias en la zona coste\u00f1a, la Coordinaci\u00f3n Estatal de Protecci\u00f3n Civil de Oaxaca (CEPCO) se limit\u00f3 a informar de manera general las afectaciones.&nbsp;<\/p>\n\n\n\n<p>\u201cEl exceso de humedad y lluvias extraordinarias causaron derrumbes, deslizamientos de laderas y da\u00f1os en la carpeta asf\u00e1ltica en algunas carreteras del estado, especialmente la 175 que comunica de Oaxaca a Puerto \u00c1ngel, as\u00ed como en caminos rurales de localidades de la Sierra Sur, afectaciones que est\u00e1n siendo atendidas por Caminos y Aeropistas de Oaxaca (CAO) y la Secretar\u00eda de Infraestructura Comunicaciones y Transportes (SCT)\u201d, expuso en un bolet\u00edn anoche.<\/p>\n\n\n\n<figure class=\"wp-block-embed is-type-rich is-provider-twitter wp-block-embed-twitter\"><div class=\"wp-block-embed__wrapper\">\n<div class=\"twitter-tweet\"><blockquote class=\"twitter-tweet\" data-lang=\"es\"><p lang=\"es\" dir=\"ltr\"><a href=\"https:\/\/twitter.com\/hashtag\/%C3%9AltimoMinuto?src=hash&amp;ref_src=twsrc%5Etfw\">#\u00daltimoMinuto<\/a> <br>Comparten video de m\u00e1s afectaciones a causa de intensas lluvias en la regi\u00f3n de la Costa de <a href=\"https:\/\/twitter.com\/hashtag\/Oaxaca?src=hash&amp;ref_src=twsrc%5Etfw\">#Oaxaca<\/a>, como es el caso de la comunidad El Mamey, en la v\u00eda que comunica a Santa Ana Tututepec. <a href=\"https:\/\/t.co\/MAUjB1ttwg\">pic.twitter.com\/MAUjB1ttwg<\/a><\/p>&mdash; Zona Roja Oaxaca (@ZonaRoja_Oaxaca) <a href=\"https:\/\/twitter.com\/ZonaRoja_Oaxaca\/status\/1571259437943345153?ref_src=twsrc%5Etfw\">17 de septiembre de 2022<\/a><\/blockquote><\/div>\n<\/div><\/figure>\n\n\n\n<p>\u201cHasta el momento el saldo es blanco, sin embargo, el no acatar las recomendaciones ha provocado que algunos veh\u00edculos sean arrastrados por la corriente en las \u00faltimas horas, siendo rescatadas las personas a bordo, por lo que reconoci\u00f3 el papel que han desempe\u00f1ado las \u00e1reas de Protecci\u00f3n Civil de los municipios\u201d, agreg\u00f3.<\/p>\n\n\n\n<p>Deslaves, encharcamientos y crecida de r\u00edos, as\u00ed como algunos veh\u00edculos arrastrados, se reportaron en municipios como Pinotepa Nacional, Santiago Jamiltepec, Villa de Tututepec, San Pedro Pochutla, Santa Mar\u00eda Tonameca, San Miguel del Puerto, entre otros.<\/p>\n\n\n\n<p>Incluso en algunas zonas tuvo que intervenir el Ej\u00e9rcito Mexicano con su plan DN-III para auxiliar a la poblaci\u00f3n.<\/p>\n\n\n\n<p>Pero de ello hasta el momento la CEPCO, organismo dependiente del Gobierno del Estado, no ha reportado m\u00e1s detalles.<\/p>\n\n\n\n<figure class=\"wp-block-embed is-type-rich is-provider-twitter wp-block-embed-twitter\"><div class=\"wp-block-embed__wrapper\">\n<div class=\"twitter-tweet\"><blockquote class=\"twitter-tweet\" data-lang=\"es\"><p lang=\"es\" dir=\"ltr\"><a href=\"https:\/\/twitter.com\/hashtag\/%C3%9AltimoMinuto?src=hash&amp;ref_src=twsrc%5Etfw\">#\u00daltimoMinuto<\/a> <br>Incrementan los estragos a causas de las lluvias provocadas por \u201cLester\u201d en la regi\u00f3n Costa de Oaxaca.<br>Afectaciones en el tramo carretero Huatulco-Salina Cruz, as\u00ed como en caminos de San Pedro Pochutla y de Santa Mar\u00eda Tonameca, entre otros. <a href=\"https:\/\/t.co\/Ryu91daAFB\">pic.twitter.com\/Ryu91daAFB<\/a><\/p>&mdash; Zona Roja Oaxaca (@ZonaRoja_Oaxaca) <a href=\"https:\/\/twitter.com\/ZonaRoja_Oaxaca\/status\/1571233404032630787?ref_src=twsrc%5Etfw\">17 de septiembre de 2022<\/a><\/blockquote><\/div>\n<\/div><\/figure>\n","protected":false},"excerpt":{"rendered":"<p>Redacci\u00f3n\/Zona Roja. Oaxaca de Ju\u00e1rez, Oax. 17 de septiembre de 2022.&nbsp; La Tormenta Tropical \u201cLester\u201d&hellip;<\/p>\n","protected":false},"author":2,"featured_media":45930,"comment_status":"closed","ping_status":"open","sticky":false,"template":"","format":"standard","meta":{"_lmt_disableupdate":"","_lmt_disable":"","_jetpack_memberships_contains_paid_content":false,"footnotes":""},"categories":[109,47],"tags":[],"class_list":["post-45929","post","type-post","status-publish","format-standard","has-post-thumbnail","hentry","category-minuto-a-minuto","category-zona-gris"],"jetpack_featured_media_url":"https:\/\/zonaroja.com.mx\/wp-content\/uploads\/2022\/09\/Lluvias-danos-Oaxaca.jpg","jetpack_sharing_enabled":true,"_links":{"self":[{"href":"https:\/\/zonaroja.com.mx\/index.php?rest_route=\/wp\/v2\/posts\/45929","targetHints":{"allow":["GET"]}}],"collection":[{"href":"https:\/\/zonaroja.com.mx\/index.php?rest_route=\/wp\/v2\/posts"}],"about":[{"href":"https:\/\/zonaroja.com.mx\/index.php?rest_route=\/wp\/v2\/types\/post"}],"author":[{"embeddable":true,"href":"https:\/\/zonaroja.com.mx\/index.php?rest_route=\/wp\/v2\/users\/2"}],"replies":[{"embeddable":true,"href":"https:\/\/zonaroja.com.mx\/index.php?rest_route=%2Fwp%2Fv2%2Fcomments&post=45929"}],"version-history":[{"count":1,"href":"https:\/\/zonaroja.com.mx\/index.php?rest_route=\/wp\/v2\/posts\/45929\/revisions"}],"predecessor-version":[{"id":45931,"href":"https:\/\/zonaroja.com.mx\/index.php?rest_route=\/wp\/v2\/posts\/45929\/revisions\/45931"}],"wp:featuredmedia":[{"embeddable":true,"href":"https:\/\/zonaroja.com.mx\/index.php?rest_route=\/wp\/v2\/media\/45930"}],"wp:attachment":[{"href":"https:\/\/zonaroja.com.mx\/index.php?rest_route=%2Fwp%2Fv2%2Fmedia&parent=45929"}],"wp:term":[{"taxonomy":"category","embeddable":true,"href":"https:\/\/zonaroja.com.mx\/index.php?rest_route=%2Fwp%2Fv2%2Fcategories&post=45929"},{"taxonomy":"post_tag","embeddable":true,"href":"https:\/\/zonaroja.com.mx\/index.php?rest_route=%2Fwp%2Fv2%2Ftags&post=45929"}],"curies":[{"name":"wp","href":"https:\/\/api.w.org\/{rel}","templated":true}]}}