{"id":45943,"date":"2022-09-18T20:09:07","date_gmt":"2022-09-19T01:09:07","guid":{"rendered":"http:\/\/www.zonaroja.com.mx\/?p=45943"},"modified":"2022-09-18T20:09:08","modified_gmt":"2022-09-19T01:09:08","slug":"alarma-a-salina-cruz-amenaza-de-tiroteo-de-estudiante-de-bachillerato","status":"publish","type":"post","link":"https:\/\/zonaroja.com.mx\/?p=45943","title":{"rendered":"Alarma a Salina Cruz amenaza de tiroteo de estudiante de bachillerato"},"content":{"rendered":"\n<p>Ismael Garc\u00eda M.\/Zona Roja.<\/p>\n\n\n\n<p>Oaxaca de Ju\u00e1rez, Oax., a 18 de septiembre de 2022.- Una amenaza de un tiroteo en un plantel de bachillerato en Salina Cruz alarm\u00f3 a autoridades, poblaci\u00f3n y estudiantes.<\/p>\n\n\n\n<p>\u201cTe invitamos cordialmente a el primer tiroteo escolar del CBTIS n. 25. Si no sabes hacerte el muerto ni modo. Gran tiroteo. Lunes 19 de septiembre del 2022, 7 am-7 pm\u201d, refiere el mensaje que comenz\u00f3 a circular desde ayer, en un dise\u00f1o semejante a un diploma.<\/p>\n\n\n\n<p>Fue subido al perfil de Facebook por una persona que se identific\u00f3 como Eduina Pel\u00e1ez, lo que incluso gener\u00f3 que la autoridad educativa emitiera un comunicado, tras rastrear el caso.<\/p>\n\n\n\n<p>\u201cPor este medio me permito comunicarles que la foto que circula en redes sociales ya se investig\u00f3 y se encontr\u00f3 a la persona que realiz\u00f3 tal acci\u00f3n, el lunes deber\u00e1 presentarse con sus padres para hacer las aclaraciones pertinentes a la acci\u00f3n realizada ya que puso a todos los alumnos y padres de familia de los dem\u00e1s j\u00f3venes en una situaci\u00f3n poco agradable.<\/p>\n\n\n\n<p>\u201cYa el joven acept\u00f3 que ser \u00e9l el que hizo tal acci\u00f3n por lo que se les solicit\u00f3 a todos los pap\u00e1s que tienen alumnos en el plantel que ya no deben preocuparse y que las actividades del lunes ser\u00e1n de forma normal, gracias por su comprensi\u00f3n\u201d.<\/p>\n\n\n\n<p>El escrito, con sello del Centro de Estudios de Bachillerato, Industrial y de Servicios n\u00famero 25, est\u00e1 fechado ayer 17 de septiembre y firmado por director del plantel, \u00d3scar L\u00f3pez Hern\u00e1ndez. El plantel est\u00e1 ubicado en la avenida Oleoducto General L\u00e1zaro C\u00e1rdenas, de la colonia Hidalgo Oriente.<\/p>\n","protected":false},"excerpt":{"rendered":"<p>Ismael Garc\u00eda M.\/Zona Roja. Oaxaca de Ju\u00e1rez, Oax., a 18 de septiembre de 2022.- Una&hellip;<\/p>\n","protected":false},"author":2,"featured_media":45944,"comment_status":"closed","ping_status":"open","sticky":false,"template":"","format":"standard","meta":{"_lmt_disableupdate":"","_lmt_disable":"","_jetpack_memberships_contains_paid_content":false,"footnotes":""},"categories":[109,47],"tags":[168],"class_list":["post-45943","post","type-post","status-publish","format-standard","has-post-thumbnail","hentry","category-minuto-a-minuto","category-zona-gris","tag-salina-cruz"],"jetpack_featured_media_url":"https:\/\/zonaroja.com.mx\/wp-content\/uploads\/2022\/09\/Tiroteo-Salina-Cruz.jpg","jetpack_sharing_enabled":true,"_links":{"self":[{"href":"https:\/\/zonaroja.com.mx\/index.php?rest_route=\/wp\/v2\/posts\/45943","targetHints":{"allow":["GET"]}}],"collection":[{"href":"https:\/\/zonaroja.com.mx\/index.php?rest_route=\/wp\/v2\/posts"}],"about":[{"href":"https:\/\/zonaroja.com.mx\/index.php?rest_route=\/wp\/v2\/types\/post"}],"author":[{"embeddable":true,"href":"https:\/\/zonaroja.com.mx\/index.php?rest_route=\/wp\/v2\/users\/2"}],"replies":[{"embeddable":true,"href":"https:\/\/zonaroja.com.mx\/index.php?rest_route=%2Fwp%2Fv2%2Fcomments&post=45943"}],"version-history":[{"count":1,"href":"https:\/\/zonaroja.com.mx\/index.php?rest_route=\/wp\/v2\/posts\/45943\/revisions"}],"predecessor-version":[{"id":45945,"href":"https:\/\/zonaroja.com.mx\/index.php?rest_route=\/wp\/v2\/posts\/45943\/revisions\/45945"}],"wp:featuredmedia":[{"embeddable":true,"href":"https:\/\/zonaroja.com.mx\/index.php?rest_route=\/wp\/v2\/media\/45944"}],"wp:attachment":[{"href":"https:\/\/zonaroja.com.mx\/index.php?rest_route=%2Fwp%2Fv2%2Fmedia&parent=45943"}],"wp:term":[{"taxonomy":"category","embeddable":true,"href":"https:\/\/zonaroja.com.mx\/index.php?rest_route=%2Fwp%2Fv2%2Fcategories&post=45943"},{"taxonomy":"post_tag","embeddable":true,"href":"https:\/\/zonaroja.com.mx\/index.php?rest_route=%2Fwp%2Fv2%2Ftags&post=45943"}],"curies":[{"name":"wp","href":"https:\/\/api.w.org\/{rel}","templated":true}]}}