{"id":45946,"date":"2022-09-18T21:27:28","date_gmt":"2022-09-19T02:27:28","guid":{"rendered":"http:\/\/www.zonaroja.com.mx\/?p=45946"},"modified":"2022-09-18T21:27:29","modified_gmt":"2022-09-19T02:27:29","slug":"domingo-violento-dos-ataques-armados-dejan-un-muerto-y-seis-heridos","status":"publish","type":"post","link":"https:\/\/zonaroja.com.mx\/?p=45946","title":{"rendered":"Domingo violento: dos ataques armados dejan un muerto y seis heridos"},"content":{"rendered":"\n<p>Ismael Garc\u00eda M.\/Zona Roja.<\/p>\n\n\n\n<p>Oaxaca de Ju\u00e1rez, Oax., a 18 de septiembre de 2022.- Dos ataques armados este domingo en Oaxaca dejaron como saldo seis personas lesionadas y una fallecida.<\/p>\n\n\n\n<p>En Pinotepa Nacional, municipio de la Costa que de manera continua registra homicidios, esta tarde fue ultimado a balazos un trabajador del Instituto Estatal de Educaci\u00f3n P\u00fablica de Oaxaca.<\/p>\n\n\n\n<p>La v\u00edctima era trabajador administrativo y afiliado a la Secci\u00f3n 22 del SNTE, identificado como Israel N., quien fue atacado a balazos en a calle 5 Oriente del barrio El Zapote; muri\u00f3 en un nosocomio.<\/p>\n\n\n\n<p>En el mismo sitio result\u00f3 lesionada otra persona del sexo masculino, que convalece en un hospital.<\/p>\n\n\n\n<p>Tambi\u00e9n la tarde de hoy pero en San Antonio de la Cal, municipio conurbado a la capital de Oaxaca, se registr\u00f3 un ataque armado.<\/p>\n\n\n\n<p>Presuntamente dos sujetos a bordo de una motocicleta, atacaron a balazos a los ocupantes de un mototaxi, en la calle Miguel Hidalgo, entre Uni\u00f3n y Progreso y Margarita Ju\u00e1rez.<\/p>\n\n\n\n<p>En el sitio quedaron lesionados Carlos Miguel, de 14 a\u00f1os de edad; Francisco Jos\u00e9 S. C., de 24 a\u00f1os; y Azael o Exael Apolinar, de 23 a\u00f1os de edad, y Juan A., de 33 a\u00f1os de edad; los tres primeros fueron trasladados al Hospital Civil de la ciudad capital, donde los reportan delicados de salud.<\/p>\n\n\n\n<p>Supuestamente uno de ellos ya habr\u00eda fallecido, lo cual no ha sido confirmado por las autoridades ministeriales.<\/p>\n\n\n\n<p>Personal de la Cruz Roja Mexicana y del Heroico Cuerpo de Bomberos acudi\u00f3 a brindar los primeros auxilios a los lesionados; elementos de la Agencia Estatal de Investigaciones arribaron al sitio para iniciar las indagatorias.<\/p>\n","protected":false},"excerpt":{"rendered":"<p>Ismael Garc\u00eda M.\/Zona Roja. Oaxaca de Ju\u00e1rez, Oax., a 18 de septiembre de 2022.- Dos&hellip;<\/p>\n","protected":false},"author":2,"featured_media":45947,"comment_status":"closed","ping_status":"open","sticky":false,"template":"","format":"standard","meta":{"_lmt_disableupdate":"","_lmt_disable":"","_jetpack_memberships_contains_paid_content":false,"footnotes":""},"categories":[109,51],"tags":[916,875],"class_list":["post-45946","post","type-post","status-publish","format-standard","has-post-thumbnail","hentry","category-minuto-a-minuto","category-zona-roja","tag-pinotepa-nacional","tag-san-antonio-de-la-cal"],"jetpack_featured_media_url":"https:\/\/zonaroja.com.mx\/wp-content\/uploads\/2022\/09\/Asesinato-San-Antonio-de-la-Cal.jpg","jetpack_sharing_enabled":true,"_links":{"self":[{"href":"https:\/\/zonaroja.com.mx\/index.php?rest_route=\/wp\/v2\/posts\/45946","targetHints":{"allow":["GET"]}}],"collection":[{"href":"https:\/\/zonaroja.com.mx\/index.php?rest_route=\/wp\/v2\/posts"}],"about":[{"href":"https:\/\/zonaroja.com.mx\/index.php?rest_route=\/wp\/v2\/types\/post"}],"author":[{"embeddable":true,"href":"https:\/\/zonaroja.com.mx\/index.php?rest_route=\/wp\/v2\/users\/2"}],"replies":[{"embeddable":true,"href":"https:\/\/zonaroja.com.mx\/index.php?rest_route=%2Fwp%2Fv2%2Fcomments&post=45946"}],"version-history":[{"count":1,"href":"https:\/\/zonaroja.com.mx\/index.php?rest_route=\/wp\/v2\/posts\/45946\/revisions"}],"predecessor-version":[{"id":45948,"href":"https:\/\/zonaroja.com.mx\/index.php?rest_route=\/wp\/v2\/posts\/45946\/revisions\/45948"}],"wp:featuredmedia":[{"embeddable":true,"href":"https:\/\/zonaroja.com.mx\/index.php?rest_route=\/wp\/v2\/media\/45947"}],"wp:attachment":[{"href":"https:\/\/zonaroja.com.mx\/index.php?rest_route=%2Fwp%2Fv2%2Fmedia&parent=45946"}],"wp:term":[{"taxonomy":"category","embeddable":true,"href":"https:\/\/zonaroja.com.mx\/index.php?rest_route=%2Fwp%2Fv2%2Fcategories&post=45946"},{"taxonomy":"post_tag","embeddable":true,"href":"https:\/\/zonaroja.com.mx\/index.php?rest_route=%2Fwp%2Fv2%2Ftags&post=45946"}],"curies":[{"name":"wp","href":"https:\/\/api.w.org\/{rel}","templated":true}]}}