{"id":45949,"date":"2022-09-19T07:25:36","date_gmt":"2022-09-19T12:25:36","guid":{"rendered":"http:\/\/www.zonaroja.com.mx\/?p=45949"},"modified":"2022-09-19T08:21:48","modified_gmt":"2022-09-19T13:21:48","slug":"negocios-de-segego-transportistas-y-desalojos-ciudadanos","status":"publish","type":"post","link":"https:\/\/zonaroja.com.mx\/?p=45949","title":{"rendered":"Negocios de Segego, transportistas y desalojos \u201cciudadanos\u201d"},"content":{"rendered":"\n<p>Ismael Garc\u00eda M.\/Zona Roja.<\/p>\n\n\n\n<p>Oaxaca de Ju\u00e1rez, Oax., a 19 de septiembre de 2022.- Definitivamente, la gobernabilidad no es uno de los logros que puede presumir el actual sexenio estatal.<\/p>\n\n\n\n<p>Por el contrario, es y ser\u00e1 uno de los peores fracasos, gracias al trabajo adrede que realiza la Secretar\u00eda General de Gobierno, para minar la imagen del gobernador Alejandro Murat, abollar sus aspiraciones presidenciales y seguir con los cuantiosos negocios con organizaciones \u201csociales\u201d, para acabarse el presupuesto.<\/p>\n\n\n\n<p>A menos de tres meses de culminar el sexenio priista y entregar el poder a los morenistas, los cierres de vialidades como las agresiones a la sociedad se intensificaron por todos lados y por todas las regiones, excepto la Sierra Norte.<\/p>\n\n\n\n<p>La irritaci\u00f3n lleg\u00f3 a tal grado, que los oaxaque\u00f1os aplaudieron el desalojo que hicieron supuestos pobladores de San Agust\u00edn de las Juntas en el crucero del aeropuerto.<\/p>\n\n\n\n<p>Pero en realidad, no fue una acci\u00f3n ciudadana, sino concertada desde la Segego, en contubernio con organizaciones de transportistas, una en especial, CATEM, que se renta, literalmente, para hacerle favores al gobierno, que adem\u00e1s lo ha consentido al punto de la excesiva tolerancia en sus actividades nada l\u00edcitas.<\/p>\n\n\n\n<p>SEDICENTES L\u00cdDERES<\/p>\n\n\n\n<p>Como ya hemos dicho, las movilizaciones en Oaxaca son a conveniencia, pero tambi\u00e9n son para hacer negocios, desde la Segego.<\/p>\n\n\n\n<p>Francisco Garc\u00eda L\u00f3pez no guarda ni respeto ni lealtad al mandatario Murat Hinojosa, sino \u00fanicamente a su jefe pol\u00edtico, Alejandro Avil\u00e9s, y junto con un reducido grupo de funcionarios, entre ellos Jorge Toledo Luis, de Coplade, hacen y deshacen del presupuesto en supuesto beneficio de las organizaciones, pero de ah\u00ed derivan sus beneficios monetarios.<\/p>\n\n\n\n<p>Las agrupaciones chantajistas y las a modo saben en qu\u00e9 momento actuar para conseguir todo, todo, lo que quieren.<\/p>\n\n\n\n<p>Por ejemplo, en v\u00edsperas de la Guelaguetza se intensificaron las protestas, por parte de la Alianza de Pueblos en Defensa de la Educaci\u00f3n y dem\u00e1s, que congrega, entre otros, al Codep, con Jaqueline Almaz\u00e1n a la cabeza.<\/p>\n\n\n\n<p>Esta agrupaci\u00f3n no respeta ni a los periodistas ni a la sociedad en general y lo demostraron en esa ocasi\u00f3n y en todas las veces que han protestado, con agresiones directas a los ciudadanos.<\/p>\n\n\n\n<p>La semana pasada reactiv\u00f3 su protesta, en v\u00edsperas de las fiestas patrias, y ahora se le uni\u00f3 la denominada Alianza de Pueblos por la Justicia Social, \u00e9sta liderada por Jos\u00edas Ramos, un individuo acostumbrado a viajar en camionetas de lujo y exigir cuantiosas cantidades de dinero al gobierno, supuestamente para las comunidades de la Sierra Sur.<\/p>\n\n\n\n<p>Semanas atr\u00e1s, un personaje que se renta a conveniencia, congreg\u00f3 pueblos de los Valles Centrales y la Mixteca para cerrar vialidades, principalmente la 190 al Istmo, a la altura de la planta de Pemex.<\/p>\n\n\n\n<p>Es Domingo Garc\u00eda Mijangos, quien en alguna ocasi\u00f3n en este sexenio hizo alianzas con Guadalupe D\u00edaz Pantoja, moviliz\u00f3 ahora con respaldo morenista y lo hizo cuando menos en dos ocasiones.<\/p>\n\n\n\n<p>Siempre gana, a tal grado que cuenta con residencia y veh\u00edculos lujosos en la capital y mueve gente a petici\u00f3n de parte\u2026 aunque a los pueblos les toque poco o nada del presupuesto.<\/p>\n\n\n\n<p>Est\u00e1 tambi\u00e9n la organizaci\u00f3n \u201c23 de Octubre\u201d, escisi\u00f3n del MULT, que dirige Alejandro Escobar, ex ayudante de Heriberto Pazos, que arrib\u00f3 de manera violenta el pasado a oficinas alternas de la Secretar\u00eda de Finanzas, pero se top\u00f3<\/p>\n\n\n\n<p>HASTA LOS ALIADOS<\/p>\n\n\n\n<p>Pero tambi\u00e9n est\u00e1n las organizaciones amigas, aliadas del gobierno, que durante los casi seis a\u00f1os se mantuvieron calladas, sin protestas, y haciendo \u00fanicamente amagos por redes sociales, para recibir la cuota financiera correspondiente.<\/p>\n\n\n\n<p>Supuestamente para contrarrestar a las dem\u00e1s organizaciones (m\u00e1s bien para sumarlas al chantaje, y prepararlas para dar guerra al gobierno de Salom\u00f3n Jara), surgieron de la nada m\u00faltiples agrupaciones con sello oficial.&nbsp;<\/p>\n\n\n\n<p>Otras ya existentes tambi\u00e9n se movilizaron, como el caso de la Ubisort (Uni\u00f3n de Bienestar de la Regi\u00f3n Triqui), que dirige Fabi\u00e1n Pereda, quien presume sus lujos en redes sociales y quien se ha caracterizado por servir a modo a la Secretar\u00eda General de Gobierno.<\/p>\n\n\n\n<p>Una m\u00e1s es Lubizha, de Manuel Antonio L\u00f3pez, tambi\u00e9n siempre dispuesta a moverse cuando la instituci\u00f3n que a\u00fan preside Francisco Garc\u00eda L\u00f3pez lo requer\u00eda, como ocurri\u00f3 tambi\u00e9n la semana pasada.<\/p>\n\n\n\n<p>El asunto es jalar dinero de donde sea, enriquecer a los sedicentes l\u00edderes y alistarse para la guerra que viene, ya con priistas en la orfandad.<\/p>\n\n\n\n<p>LAS RAREZAS<\/p>\n\n\n\n<p>Pero lo que llama la atenci\u00f3n es que la Segego haya optado por desalojos \u00abciudadanos\u00bb en casos en que no pudo lograr di\u00e1logo -como con agrupaciones con tintes morenistas-, lo que en un principio gener\u00f3 festejos, aunque haya sido temporal.<\/p>\n\n\n\n<p>Uno de los primeros casos emblem\u00e1ticos fue el 21 de julio de 2021, en que tras varios d\u00edas de bloqueo al crucero de Hacienda Blanca, San Pablo, Etla, supuestos ciudadanos desalojaron por la fuerza a militantes del MULTI.<\/p>\n\n\n\n<p>En la acci\u00f3n, de acuerdo con varios videos, se utilizaron armas de fuego e incluso hab\u00eda transportistas en la zona.<\/p>\n\n\n\n<p>Un caso m\u00e1s emblem\u00e1tico fue el 18 de febrero de este a\u00f1o, en que de manera directa arribaron transportistas identificados con CATEM, que a golpes disolvieron una protesta de transportistas, en el acceso a la supercarretera Oaxaca-Cuacnopala, jurisdicci\u00f3n de San Pablo, Etla.<\/p>\n\n\n\n<p>El m\u00e1s reciente caso \u201cciudadano\u201d ocurri\u00f3 el mi\u00e9rcoles 14 de septiembre, en que supuesta gente de San Agust\u00edn de las Juntas desaloj\u00f3 a manifestantes del crucero del aeropuerto a Oaxaca.<\/p>\n\n\n\n<p>Acci\u00f3n aplaudida que al final fue revelada que fueron transportistas, al parecer de CATEM, contratados por la Segego, para acabar con un problema de tres d\u00edas. La polic\u00eda lleg\u00f3 tarde adrede; la golpiza fue brutal, como los balazos tambi\u00e9n.&nbsp;<\/p>\n\n\n\n<p>Otro hecho in\u00e9dito, que abona a la teor\u00eda, fue la agilidad con la que respondi\u00f3 la Polic\u00eda Estatal de Oaxaca al llamado de transportistas identificados con el sindicato CATEM, el pasado 2 de septiembre, en la agencia de Pueblo Nuevo.<\/p>\n\n\n\n<p>Presuntamente dos polic\u00edas municipales de la capital hallaron un refugio de migrantes.<\/p>\n\n\n\n<p>Pero cerca de ah\u00ed hab\u00eda una guarida de l\u00edderes de dicha agrupaci\u00f3n, que de inmediato llamaron a los polic\u00edas estatales y una vez que \u00e9stos llegaron, se\u00f1alaron con insistencia a los uniformados municipales que estaban extorsionando a los migrantes, que ped\u00eda 150 mil pesos, y que deb\u00edan detenerlos y llev\u00e1rselos\u2026 lo cual ocurri\u00f3.<\/p>\n\n\n\n<p>\u00bfEsa es la nueva forma de imponer la gobernabilidad en Oaxaca? O desesperaci\u00f3n de Francisco Garc\u00eda L\u00f3pez ante tanta incapacidad. El caso es que dinero a raudales sale para organizaciones y funcionarios de la Segego, que hasta sindicalizados y mandos medios se enriquecen y ya se construyen residencias en la zona norte en la capital.<\/p>\n","protected":false},"excerpt":{"rendered":"<p>Ismael Garc\u00eda M.\/Zona Roja. Oaxaca de Ju\u00e1rez, Oax., a 19 de septiembre de 2022.- Definitivamente,&hellip;<\/p>\n","protected":false},"author":2,"featured_media":41735,"comment_status":"closed","ping_status":"open","sticky":false,"template":"","format":"standard","meta":{"_lmt_disableupdate":"","_lmt_disable":"","_jetpack_memberships_contains_paid_content":false,"footnotes":""},"categories":[456,109,48],"tags":[1353],"class_list":["post-45949","post","type-post","status-publish","format-standard","has-post-thumbnail","hentry","category-columna","category-minuto-a-minuto","category-zona-critica","tag-opinion-zona-critica"],"jetpack_featured_media_url":"https:\/\/zonaroja.com.mx\/wp-content\/uploads\/2022\/05\/Opinion-Ismael-Garcia-M.jpg","jetpack_sharing_enabled":true,"_links":{"self":[{"href":"https:\/\/zonaroja.com.mx\/index.php?rest_route=\/wp\/v2\/posts\/45949","targetHints":{"allow":["GET"]}}],"collection":[{"href":"https:\/\/zonaroja.com.mx\/index.php?rest_route=\/wp\/v2\/posts"}],"about":[{"href":"https:\/\/zonaroja.com.mx\/index.php?rest_route=\/wp\/v2\/types\/post"}],"author":[{"embeddable":true,"href":"https:\/\/zonaroja.com.mx\/index.php?rest_route=\/wp\/v2\/users\/2"}],"replies":[{"embeddable":true,"href":"https:\/\/zonaroja.com.mx\/index.php?rest_route=%2Fwp%2Fv2%2Fcomments&post=45949"}],"version-history":[{"count":2,"href":"https:\/\/zonaroja.com.mx\/index.php?rest_route=\/wp\/v2\/posts\/45949\/revisions"}],"predecessor-version":[{"id":45960,"href":"https:\/\/zonaroja.com.mx\/index.php?rest_route=\/wp\/v2\/posts\/45949\/revisions\/45960"}],"wp:featuredmedia":[{"embeddable":true,"href":"https:\/\/zonaroja.com.mx\/index.php?rest_route=\/wp\/v2\/media\/41735"}],"wp:attachment":[{"href":"https:\/\/zonaroja.com.mx\/index.php?rest_route=%2Fwp%2Fv2%2Fmedia&parent=45949"}],"wp:term":[{"taxonomy":"category","embeddable":true,"href":"https:\/\/zonaroja.com.mx\/index.php?rest_route=%2Fwp%2Fv2%2Fcategories&post=45949"},{"taxonomy":"post_tag","embeddable":true,"href":"https:\/\/zonaroja.com.mx\/index.php?rest_route=%2Fwp%2Fv2%2Ftags&post=45949"}],"curies":[{"name":"wp","href":"https:\/\/api.w.org\/{rel}","templated":true}]}}