{"id":45951,"date":"2022-09-19T07:46:05","date_gmt":"2022-09-19T12:46:05","guid":{"rendered":"http:\/\/www.zonaroja.com.mx\/?p=45951"},"modified":"2022-09-19T07:46:07","modified_gmt":"2022-09-19T12:46:07","slug":"mueren-dos-baleados-en-san-antonio-de-la-cal-hallan-embolsado-en-tapanatepec","status":"publish","type":"post","link":"https:\/\/zonaroja.com.mx\/?p=45951","title":{"rendered":"Mueren dos baleados en San Antonio de la Cal; hallan \u201cembolsado\u201d en Tapanatepec"},"content":{"rendered":"\n<p>Redacci\u00f3n\/Zona Roja.<\/p>\n\n\n\n<p>Oaxaca de Ju\u00e1rez, Oax., a 19 de septiembre de 2022.- Dos de las cuatro personas baleadas ayer en San Antonio de la Cal, entre ellas un menor de edad, murieron anoche en hospitales de la ciudad de Oaxaca.&nbsp;<\/p>\n\n\n\n<p>Con ello suman cinco homicidios dolosos registrados el domingo en la entidad oaxaque\u00f1a, una en Pinotepa Nacional, regi\u00f3n de la Costa, otra en San Pedro Tapanatepec, regi\u00f3n del Istmo, y una en Huajuapan, regi\u00f3n de la Mixteca.<\/p>\n\n\n\n<p>Como se inform\u00f3, ayer por la tarde se registr\u00f3 un ataque armado por parte de dos motociclistas a ocupantes de un mototaxi, en la calle Miguel Hidalgo, entre Uni\u0443n y Progreso y Margarita Ju\u00e1rez.<\/p>\n\n\n\n<p>En el sitio quedaron lesionados Carlos Miguel, de 14 a\u00f1os de edad; Francisco Jos\u00e9 S. C., de 24 a\u00f1os; y Azael o Exael Apolinar, de 23 a\u00f1os, y Juan A., de 33 a\u00f1os de edad.<\/p>\n\n\n\n<p>Finalmente, en el Hospital Civil \u201cDr. Aurelio Valdivieso\u201d muri\u00f3 Francisco Jos\u00e9 S. C., de 23 a\u00f1os de edad, y en el hospital del IMSS perdi\u00f3 la vida Carlos Miguel G., de 14 a\u00f1os de edad.<\/p>\n\n\n\n<p>EMBOLSADO<\/p>\n\n\n\n<p>Por otra parte, ayer por la tarde fue descubierto un cuerpo sin vida, en el interior de bolsas negras, en jurisdicci\u00f3n de San Pedro Tapanatepec, municipio de la zona oriente del Istmo.<\/p>\n\n\n\n<p>De manera preliminar se inform\u00f3 que se trata de Alexis B., quien presuntamente habr\u00eda sido plagiado la v\u00edspera en Santo Domingo Ingenio.<\/p>\n\n\n\n<p>Tambi\u00e9n ayer, en el barrio El Zapote se registr\u00f3 un ataque armado contra dos personas, una muri\u00f3 en el hospital y fue identificada como Israel N., administrativo del IEEPO y afiliado a la Secci\u00f3n 22 del SNTE.<\/p>\n\n\n\n<p>Mientras que tambi\u00e9n este domingo se confirm\u00f3 que presuntamente derivado de una ri\u00f1a, muri\u00f3 a balazos un hombre de 29 a\u00f1os de edad, en los hechos registrados en la colonia Santa Rosa, Primera Secci\u00f3n, de Huajuapan de Le\u00f3n. La v\u00edctima fue identificada como Salvador H. G., de 29 a\u00f1os de edad.<\/p>\n\n\n\n<p>ASALTO A LA AUTORIDAD<\/p>\n\n\n\n<p>Por otra parte, ayer fue asaltado y lesionado el edil de San Bartolom\u00e9 Ayautla, Oaxaca, Domingo Jalisco Reyes, en la colonia Reforma de la ciudad de Oaxaca.<\/p>\n\n\n\n<p>La autoridad paseaba con su familia cuando fue atacado por delincuentes, que lo agredieron con arma blanca y le quitaron diversos bienes adem\u00e1s de dinero. De manera preliminar, fue trasladado al Hospital Civil \u201cDr. Aurelio Valdivieso\u201d; en la zona no hubo polic\u00edas para buscar y detener a los delincuentes.<\/p>\n","protected":false},"excerpt":{"rendered":"<p>Redacci\u00f3n\/Zona Roja. Oaxaca de Ju\u00e1rez, Oax., a 19 de septiembre de 2022.- Dos de las&hellip;<\/p>\n","protected":false},"author":2,"featured_media":45952,"comment_status":"closed","ping_status":"open","sticky":false,"template":"","format":"standard","meta":{"_lmt_disableupdate":"","_lmt_disable":"","_jetpack_memberships_contains_paid_content":false,"footnotes":""},"categories":[109,51],"tags":[875,206],"class_list":["post-45951","post","type-post","status-publish","format-standard","has-post-thumbnail","hentry","category-minuto-a-minuto","category-zona-roja","tag-san-antonio-de-la-cal","tag-san-pedro-tapanatepec"],"jetpack_featured_media_url":"https:\/\/zonaroja.com.mx\/wp-content\/uploads\/2022\/09\/Embolsado-Tapanatepec.jpg","jetpack_sharing_enabled":true,"_links":{"self":[{"href":"https:\/\/zonaroja.com.mx\/index.php?rest_route=\/wp\/v2\/posts\/45951","targetHints":{"allow":["GET"]}}],"collection":[{"href":"https:\/\/zonaroja.com.mx\/index.php?rest_route=\/wp\/v2\/posts"}],"about":[{"href":"https:\/\/zonaroja.com.mx\/index.php?rest_route=\/wp\/v2\/types\/post"}],"author":[{"embeddable":true,"href":"https:\/\/zonaroja.com.mx\/index.php?rest_route=\/wp\/v2\/users\/2"}],"replies":[{"embeddable":true,"href":"https:\/\/zonaroja.com.mx\/index.php?rest_route=%2Fwp%2Fv2%2Fcomments&post=45951"}],"version-history":[{"count":1,"href":"https:\/\/zonaroja.com.mx\/index.php?rest_route=\/wp\/v2\/posts\/45951\/revisions"}],"predecessor-version":[{"id":45953,"href":"https:\/\/zonaroja.com.mx\/index.php?rest_route=\/wp\/v2\/posts\/45951\/revisions\/45953"}],"wp:featuredmedia":[{"embeddable":true,"href":"https:\/\/zonaroja.com.mx\/index.php?rest_route=\/wp\/v2\/media\/45952"}],"wp:attachment":[{"href":"https:\/\/zonaroja.com.mx\/index.php?rest_route=%2Fwp%2Fv2%2Fmedia&parent=45951"}],"wp:term":[{"taxonomy":"category","embeddable":true,"href":"https:\/\/zonaroja.com.mx\/index.php?rest_route=%2Fwp%2Fv2%2Fcategories&post=45951"},{"taxonomy":"post_tag","embeddable":true,"href":"https:\/\/zonaroja.com.mx\/index.php?rest_route=%2Fwp%2Fv2%2Ftags&post=45951"}],"curies":[{"name":"wp","href":"https:\/\/api.w.org\/{rel}","templated":true}]}}