{"id":45954,"date":"2022-09-19T09:53:00","date_gmt":"2022-09-19T14:53:00","guid":{"rendered":"http:\/\/www.zonaroja.com.mx\/?p=45954"},"modified":"2022-09-19T07:55:22","modified_gmt":"2022-09-19T12:55:22","slug":"presidente-de-estados-unidos-da-por-terminada-la-pandemia-de-covid","status":"publish","type":"post","link":"https:\/\/zonaroja.com.mx\/?p=45954","title":{"rendered":"Presidente de Estados Unidos da por terminada la pandemia de Covid"},"content":{"rendered":"\n<p>Redacci\u00f3n\/Zona Roja Cdmx.<\/p>\n\n\n\n<p>Ciudad de M\u00e9xico, a 19 de enero de 2022.- El presidente Joe Biden declar\u00f3 este domingo que la pandemia de Covid-19 ha terminado en Estados Unidos. Adem\u00e1s, el mandatario anunci\u00f3 que los estadounidenses obtendr\u00edan el \u00abcontrol\u00bb de la inflaci\u00f3n.&nbsp;<\/p>\n\n\n\n<p>En entrevista para un medio de comunicaci\u00f3n estadounidense, Biden sentenci\u00f3 que \u00abla pandemia ha terminado\u00bb, aunque aclar\u00f3 que a\u00fan hay un problema con el virus. \u00abTodav\u00eda estamos trabajando mucho en ello (en referencia al control del Covid-19)\u201d.<\/p>\n\n\n\n<p>\u00abSi se fijan, nadie lleva mascarillas. Todo el mundo parece estar en buena forma. Y por eso creo que est\u00e1 cambiando\u00bb, dijo el mandatario en televisi\u00f3n. Agreg\u00f3 que Estados Unidos evitar\u00e1 una recesi\u00f3n si contin\u00faa \u00abhaciendo crecer la econom\u00eda\u00bb, con sus pol\u00edticas, las cuales est\u00e1n \u00abcreando industrias completamente nuevas\u00bb.&nbsp;<\/p>\n\n\n\n<p>CERCA EL FIN<\/p>\n\n\n\n<p>El pasado mi\u00e9rcoles 14 de septiembre, el director general de la Organizaci\u00f3n Mundial de la Salud (OMS), Tedros Adhanom Ghebreyesus, detall\u00f3 que el mundo nunca ha estado en una mejor posici\u00f3n para poner fin a la pandemia de Covid-19.<\/p>\n\n\n\n<p>\u00abLa semana pasada, el n\u00famero de muertes semanales reportadas por Covid-19 fue el m\u00e1s bajo desde marzo de 2020. Nunca hemos estado en una mejor posici\u00f3n para poner fin a la pandemia. Todav\u00eda no hemos llegado, pero el final est\u00e1 cerca\u00bb, dijo el especialista.<\/p>\n\n\n\n<p>Sin embargo, coment\u00f3 que a\u00fan es latente el peligro por nuevas cepas. \u00abTodav\u00eda existe el riesgo de m\u00e1s variantes, muertes, interrupciones e incertidumbre; as\u00ed que aprovechemos esta oportunidad\u00bb.<\/p>\n\n\n\n<p>De acuerdo con las tendencias registradas por la OMS, a nivel mundial hay una ca\u00edda constante en los casos de Covid-19. Tan solo en Estados Unidos los positivos han disminuido constantemente durante los \u00faltimos dos meses, seg\u00fan datos de la Universidad Johns Hopkins.<\/p>\n\n\n\n<p>De igual manera, los pron\u00f3sticos de los Centros para el Control y la Prevenci\u00f3n de Enfermedades de Estados Unidos prev\u00e9n que las nuevas hospitalizaciones y muertes se mantengan estables durante el pr\u00f3ximo mes.<\/p>\n\n\n\n<p>(Informaci\u00f3n de agencias internacionales en \u201cEl Heraldo de M\u00e9xico\u201d)<\/p>\n","protected":false},"excerpt":{"rendered":"<p>Redacci\u00f3n\/Zona Roja Cdmx. Ciudad de M\u00e9xico, a 19 de enero de 2022.- El presidente Joe&hellip;<\/p>\n","protected":false},"author":2,"featured_media":21342,"comment_status":"closed","ping_status":"open","sticky":false,"template":"","format":"standard","meta":{"_lmt_disableupdate":"","_lmt_disable":"","_jetpack_memberships_contains_paid_content":false,"footnotes":""},"categories":[109,46],"tags":[1510],"class_list":["post-45954","post","type-post","status-publish","format-standard","has-post-thumbnail","hentry","category-minuto-a-minuto","category-zona-blanca","tag-coronavirus-pandemia-global"],"jetpack_featured_media_url":"https:\/\/zonaroja.com.mx\/wp-content\/uploads\/2020\/12\/Covid-Estados-Unidos.jpg","jetpack_sharing_enabled":true,"_links":{"self":[{"href":"https:\/\/zonaroja.com.mx\/index.php?rest_route=\/wp\/v2\/posts\/45954","targetHints":{"allow":["GET"]}}],"collection":[{"href":"https:\/\/zonaroja.com.mx\/index.php?rest_route=\/wp\/v2\/posts"}],"about":[{"href":"https:\/\/zonaroja.com.mx\/index.php?rest_route=\/wp\/v2\/types\/post"}],"author":[{"embeddable":true,"href":"https:\/\/zonaroja.com.mx\/index.php?rest_route=\/wp\/v2\/users\/2"}],"replies":[{"embeddable":true,"href":"https:\/\/zonaroja.com.mx\/index.php?rest_route=%2Fwp%2Fv2%2Fcomments&post=45954"}],"version-history":[{"count":1,"href":"https:\/\/zonaroja.com.mx\/index.php?rest_route=\/wp\/v2\/posts\/45954\/revisions"}],"predecessor-version":[{"id":45955,"href":"https:\/\/zonaroja.com.mx\/index.php?rest_route=\/wp\/v2\/posts\/45954\/revisions\/45955"}],"wp:featuredmedia":[{"embeddable":true,"href":"https:\/\/zonaroja.com.mx\/index.php?rest_route=\/wp\/v2\/media\/21342"}],"wp:attachment":[{"href":"https:\/\/zonaroja.com.mx\/index.php?rest_route=%2Fwp%2Fv2%2Fmedia&parent=45954"}],"wp:term":[{"taxonomy":"category","embeddable":true,"href":"https:\/\/zonaroja.com.mx\/index.php?rest_route=%2Fwp%2Fv2%2Fcategories&post=45954"},{"taxonomy":"post_tag","embeddable":true,"href":"https:\/\/zonaroja.com.mx\/index.php?rest_route=%2Fwp%2Fv2%2Ftags&post=45954"}],"curies":[{"name":"wp","href":"https:\/\/api.w.org\/{rel}","templated":true}]}}