{"id":45961,"date":"2022-09-19T08:56:43","date_gmt":"2022-09-19T13:56:43","guid":{"rendered":"http:\/\/www.zonaroja.com.mx\/?p=45961"},"modified":"2022-09-19T08:56:44","modified_gmt":"2022-09-19T13:56:44","slug":"registra-oaxaca-multiples-afectaciones-por-lluvias-y-proteccion-civil-ausente","status":"publish","type":"post","link":"https:\/\/zonaroja.com.mx\/?p=45961","title":{"rendered":"Registra Oaxaca m\u00faltiples afectaciones por lluvias y Protecci\u00f3n Civil ausente"},"content":{"rendered":"\n<p>Redacci\u00f3n\/Zona Roja.<\/p>\n\n\n\n<p>Oaxaca de Ju\u00e1rez, Oax., a 19 de septiembre de 2022.- Lo que fue la tormenta tropical \u201cLester\u201d y sus remanentes han dejado m\u00faltiples afectaciones en carreteras, puentes y viviendas en las regiones Costa, Sierra Sur y Cuenca.<\/p>\n\n\n\n<p>Sin embargo, hasta el momento la Coordinaci\u00f3n Estatal de Protecci\u00f3n Civil de Oaxaca (CEPCO) no ha emitido ning\u00fan comunicado del saldo de las lluvias, como tampoco de los da\u00f1os causados por las lluvias.<\/p>\n\n\n\n<p>Por lo menos tres municipios han determinado la suspensi\u00f3n de clases este lunes, ante las condiciones clim\u00e1ticas y afectaciones a viviendas y caminos, que son San Pedro Pochutla, Santa Mar\u00eda Huatulco y San Pedro Mixtepec; aunque de ello no hay versi\u00f3n oficial del IEEPO.<\/p>\n\n\n\n<p>Mientras que en la Costa, los municipios de Santa Mar\u00eda Tonameca, San Pedro Pochutla, Candelaria Loxicha y Pluma Hidalgo presentaron tambi\u00e9n inundaciones por la creciente de arroyos que se desbordaron.<\/p>\n\n\n\n<p>Las intensas precipitaciones pluviales han da\u00f1ado tambi\u00e9n la comunicaci\u00f3n al municipio de Pluma Hidalgo, as\u00ed como hay da\u00f1os en carreteras a San Mateo Pi\u00f1as.<\/p>\n\n\n\n<p>Ayer por la tarde qued\u00f3 suspendido de manera temporal el paso a Pochutla, desde Oaxaca, por inundaciones a la altura de San Jos\u00e9 Chacalapa.<\/p>\n\n\n\n<p>Pobladores de Putla Villa de Guerrero alertaron sobre el &nbsp;aumento en nivel &nbsp;de los r\u00edos y fuerza de las corrientes de la zona. Los r\u00edos en Asunci\u00f3n Atoyaquillo en las Trancas ,el Camalote y las Pe\u00f1as, est\u00e1n a punto de desbordarse.<\/p>\n\n\n\n<p>Reportan adem\u00e1s cierres de carretera en el tramo de la v\u00eda Puerto Escondido hasta San Gabriel Mixtepec.<\/p>\n\n\n\n<p>Y en el resto del estado, se presentan deslizamientos de tierra en caminos que conducen a los pueblos de la Sierra Norte, Mixteca y Ca\u00f1ada, mientras que en Valles Centrales la mayor afectaci\u00f3n se concentra en Santa Cruz Mixtepec con el colapso del puente en la agencia El Trapiche.<\/p>\n\n\n\n<p>En la Cuenca del Papaloapan, la comunidad de Tres Mar\u00edas con 300 habitantes aproximadamente y perteneciente a San Juan Bautista Valle Nacional, fue inundada en su totalidad debido al desbordamiento del r\u00edo Valle Nacional.<\/p>\n\n\n\n<p>Adem\u00e1s de esta inundaci\u00f3n, en la zona de la Chinatla se presentan varios tramos con derrumbes; ayer, el conductor de una camioneta tipo Urvan que manejaba en la Carretera Tuxtepec -Ayotzintepec qued\u00f3 atrapado en una gran ca\u00edda de agua natural, pese a haber visto la cascada el ch\u00f3fer decidi\u00f3 cruzar, pero la unidad qued\u00f3 embancada metros adelante bajo el torrencial afluente.<\/p>\n","protected":false},"excerpt":{"rendered":"<p>Redacci\u00f3n\/Zona Roja. Oaxaca de Ju\u00e1rez, Oax., a 19 de septiembre de 2022.- Lo que fue&hellip;<\/p>\n","protected":false},"author":2,"featured_media":45962,"comment_status":"closed","ping_status":"open","sticky":false,"template":"","format":"standard","meta":{"_lmt_disableupdate":"","_lmt_disable":"","_jetpack_memberships_contains_paid_content":false,"footnotes":""},"categories":[109,47],"tags":[],"class_list":["post-45961","post","type-post","status-publish","format-standard","has-post-thumbnail","hentry","category-minuto-a-minuto","category-zona-gris"],"jetpack_featured_media_url":"https:\/\/zonaroja.com.mx\/wp-content\/uploads\/2022\/09\/Afectaciones-lluvias-Costa.jpg","jetpack_sharing_enabled":true,"_links":{"self":[{"href":"https:\/\/zonaroja.com.mx\/index.php?rest_route=\/wp\/v2\/posts\/45961","targetHints":{"allow":["GET"]}}],"collection":[{"href":"https:\/\/zonaroja.com.mx\/index.php?rest_route=\/wp\/v2\/posts"}],"about":[{"href":"https:\/\/zonaroja.com.mx\/index.php?rest_route=\/wp\/v2\/types\/post"}],"author":[{"embeddable":true,"href":"https:\/\/zonaroja.com.mx\/index.php?rest_route=\/wp\/v2\/users\/2"}],"replies":[{"embeddable":true,"href":"https:\/\/zonaroja.com.mx\/index.php?rest_route=%2Fwp%2Fv2%2Fcomments&post=45961"}],"version-history":[{"count":1,"href":"https:\/\/zonaroja.com.mx\/index.php?rest_route=\/wp\/v2\/posts\/45961\/revisions"}],"predecessor-version":[{"id":45963,"href":"https:\/\/zonaroja.com.mx\/index.php?rest_route=\/wp\/v2\/posts\/45961\/revisions\/45963"}],"wp:featuredmedia":[{"embeddable":true,"href":"https:\/\/zonaroja.com.mx\/index.php?rest_route=\/wp\/v2\/media\/45962"}],"wp:attachment":[{"href":"https:\/\/zonaroja.com.mx\/index.php?rest_route=%2Fwp%2Fv2%2Fmedia&parent=45961"}],"wp:term":[{"taxonomy":"category","embeddable":true,"href":"https:\/\/zonaroja.com.mx\/index.php?rest_route=%2Fwp%2Fv2%2Fcategories&post=45961"},{"taxonomy":"post_tag","embeddable":true,"href":"https:\/\/zonaroja.com.mx\/index.php?rest_route=%2Fwp%2Fv2%2Ftags&post=45961"}],"curies":[{"name":"wp","href":"https:\/\/api.w.org\/{rel}","templated":true}]}}