{"id":45964,"date":"2022-09-19T09:05:48","date_gmt":"2022-09-19T14:05:48","guid":{"rendered":"http:\/\/www.zonaroja.com.mx\/?p=45964"},"modified":"2022-09-19T09:05:49","modified_gmt":"2022-09-19T14:05:49","slug":"inician-definiciones-para-la-presidencia-municipal-de-san-pedro-ixtlahuaca","status":"publish","type":"post","link":"https:\/\/zonaroja.com.mx\/?p=45964","title":{"rendered":"Inician definiciones para la presidencia municipal de San Pedro Ixtlahuaca"},"content":{"rendered":"\n<p>Redacci\u00f3n\/Zona Roja.<\/p>\n\n\n\n<p>Oaxaca de Ju\u00e1rez, Oax., a 19 de septiembre de 2022.- En San Pedro Ixtlahuaca, municipio de la regi\u00f3n Valles Centrales de Oaxaca, comienzan las definiciones para elegir a presidente municipal.<\/p>\n\n\n\n<p>Y en el marco del Tercer Congreso Nacional de Morena, que se llev\u00f3 a cabo el fin de semana en la Ciudad de M\u00e9xico, militantes morenistas dieron su respaldo a Roberto P\u00e9rez Delgado, como aspirante a edil.<\/p>\n\n\n\n<p>Durante el encuentro, P\u00e9rez Delgado coincidi\u00f3 con Claudia Sheinbaum, Jefa de Gobierno de la Ciudad de M\u00e9xico; Ad\u00e1n Augusto L\u00f3pez Hern\u00e1ndez, secretario de Gobernaci\u00f3n, y Mario Delgado, presidente Nacional de Morena, con quienes comparti\u00f3 el sentimiento de lucha por la transformaci\u00f3n en el estado y el pa\u00eds.&nbsp;<\/p>\n\n\n\n<p>El joven morenista nativo de San Pedro Ixtlahuaca, quien ha seguido los principios del movimiento de la Cuarta Transformaci\u00f3n desde sus inicios, de la mano del gobernador electo, Ingeniero Salom\u00f3n Jara Cruz, y del Presidente de la Rep\u00fablica, Andr\u00e9s Manuel L\u00f3pez Obrador, se\u00f1al\u00f3 que su prioridad es y ser\u00e1 trabajar para garantizar el bienestar de sus paisanas y paisanos.&nbsp;<\/p>\n\n\n\n<p>Raz\u00f3n por la cual goza de una gran aceptaci\u00f3n por parte de las y los ciudadanos de este municipio.&nbsp;<\/p>\n\n\n\n<p>Cabe mencionar que San Pedro Ixtlahuaca, es uno de los municipios de la regi\u00f3n de Valles Centrales con m\u00e1s necesidades b\u00e1sicas.&nbsp;<\/p>\n\n\n\n<p>Recientemente, ante representantes de los medios comunicaci\u00f3n, integrantes del comit\u00e9 de ancianos y los ciudadanos de dicho municipio, exigieron al IEEPCO y a las autoridades competentes, emitir la convocatoria para el cambio de autoridades en dicha comunidad.<\/p>\n","protected":false},"excerpt":{"rendered":"<p>Redacci\u00f3n\/Zona Roja. Oaxaca de Ju\u00e1rez, Oax., a 19 de septiembre de 2022.- En San Pedro&hellip;<\/p>\n","protected":false},"author":2,"featured_media":45965,"comment_status":"closed","ping_status":"open","sticky":false,"template":"","format":"standard","meta":{"_lmt_disableupdate":"","_lmt_disable":"","_jetpack_memberships_contains_paid_content":false,"footnotes":""},"categories":[109,46],"tags":[3264,2140],"class_list":["post-45964","post","type-post","status-publish","format-standard","has-post-thumbnail","hentry","category-minuto-a-minuto","category-zona-blanca","tag-roberto-perez-delgado","tag-san-pedro-ixtlahuaca"],"jetpack_featured_media_url":"https:\/\/zonaroja.com.mx\/wp-content\/uploads\/2022\/09\/Roberto-Perez-Delgado.jpg","jetpack_sharing_enabled":true,"_links":{"self":[{"href":"https:\/\/zonaroja.com.mx\/index.php?rest_route=\/wp\/v2\/posts\/45964","targetHints":{"allow":["GET"]}}],"collection":[{"href":"https:\/\/zonaroja.com.mx\/index.php?rest_route=\/wp\/v2\/posts"}],"about":[{"href":"https:\/\/zonaroja.com.mx\/index.php?rest_route=\/wp\/v2\/types\/post"}],"author":[{"embeddable":true,"href":"https:\/\/zonaroja.com.mx\/index.php?rest_route=\/wp\/v2\/users\/2"}],"replies":[{"embeddable":true,"href":"https:\/\/zonaroja.com.mx\/index.php?rest_route=%2Fwp%2Fv2%2Fcomments&post=45964"}],"version-history":[{"count":1,"href":"https:\/\/zonaroja.com.mx\/index.php?rest_route=\/wp\/v2\/posts\/45964\/revisions"}],"predecessor-version":[{"id":45966,"href":"https:\/\/zonaroja.com.mx\/index.php?rest_route=\/wp\/v2\/posts\/45964\/revisions\/45966"}],"wp:featuredmedia":[{"embeddable":true,"href":"https:\/\/zonaroja.com.mx\/index.php?rest_route=\/wp\/v2\/media\/45965"}],"wp:attachment":[{"href":"https:\/\/zonaroja.com.mx\/index.php?rest_route=%2Fwp%2Fv2%2Fmedia&parent=45964"}],"wp:term":[{"taxonomy":"category","embeddable":true,"href":"https:\/\/zonaroja.com.mx\/index.php?rest_route=%2Fwp%2Fv2%2Fcategories&post=45964"},{"taxonomy":"post_tag","embeddable":true,"href":"https:\/\/zonaroja.com.mx\/index.php?rest_route=%2Fwp%2Fv2%2Ftags&post=45964"}],"curies":[{"name":"wp","href":"https:\/\/api.w.org\/{rel}","templated":true}]}}