{"id":45970,"date":"2022-09-19T15:23:34","date_gmt":"2022-09-19T20:23:34","guid":{"rendered":"https:\/\/www.zonaroja.com.mx\/?p=45970"},"modified":"2022-09-19T16:06:19","modified_gmt":"2022-09-19T21:06:19","slug":"abre-tercera-semana-de-bloqueos-por-incompetencia-gubernamental-en-oaxaca","status":"publish","type":"post","link":"https:\/\/zonaroja.com.mx\/?p=45970","title":{"rendered":"Abre tercera semana de bloqueos, por incompetencia gubernamental en Oaxaca"},"content":{"rendered":"\n<p>Yuridiana Sosa \/Zona Roja<\/p>\n\n\n\n<p>Oaxaca de Ju\u00e1rez, Oax., 19 de septiembre de 2022.- Por tercera semana consecutiva, pobladores en distintas regiones de Oaxaca inician la semana con bloqueos carreteros, sin que la Secretar\u00eda General de Gobierno de Oaxaca (Segego) logre conciliaci\u00f3n para liberar las vialidades.<\/p>\n\n\n\n<p>Este lunes se registraron nuevas protestas con habitantes y autoridades en la regi\u00f3n de la Costa y Mixteca, mientras que en la Sierra Sur, la poblaci\u00f3n inicia con su tercera semana de bloqueo.<\/p>\n\n\n\n<p>Desde temprana hora, como lo advirtieron, habitantes de San Jos\u00e9 Manialtepec, en la regi\u00f3n de la Costa, instalaron un bloqueo indefinido sobre la carretera federal 200, en la altura de la entrada de la poblaci\u00f3n, afectando el tramo Puerto Escondido a Pinotepa Nacional.<\/p>\n\n\n\n<p>La comunidad exige al Gobierno del Estado atenci\u00f3n a sus diferentes demandas, entre las que presuntamente sobresalen inconformidades electorales.&nbsp;<\/p>\n\n\n\n<p>En la regi\u00f3n Mixteca, habitantes encabezados por el agente de Vista Hermosa de Huajuapan de Le\u00f3n, llevan a cabo al menos tres puntos de bloqueo sobre la carretera federal 190 Huajuapan- Oaxaca.<\/p>\n\n\n\n<p>Apoyados por taxistas y transportistas de las organizaciones CATEM y Ubisort, el agente Marco Antonio Ram\u00edrez Hern\u00e1ndez exige la destituci\u00f3n del comandante de la Polic\u00eda Estatal, por abuso de autoridad y amenazas de detenci\u00f3n, esto&nbsp;luego de una discusi\u00f3n entre ambas partes por supuestamente entrometerse el elemento policial en un problema particular sin pedir permiso al agente.<\/p>\n\n\n\n<p>Los inconformes hicieron presencia en la Vicefscal\u00eda de la Mixteca, en Huajuapan, en la desviaci\u00f3n a Tezoatl\u00e1n, en el Cuartel de la Polic\u00eda Estatal y en su comunidad.<\/p>\n\n\n\n<p>PROTESTA PROLONGADA<\/p>\n\n\n\n<p>Por tercera semana, sin que la Segego logre condiciones para solucionar el conflicto, habitantes y autoridades municipales y auxiliares de San Mateo R\u00edo Hondo&nbsp;mantienen cerrada la carretera federal 175, en la poblaci\u00f3n de San Jos\u00e9 del Pac\u00edfico.<\/p>\n\n\n\n<p>Los manifestantes exigen la renuncia del presidente municipal, \u00c1ngel Gerardo Ruiz Vel\u00e1zquez, se\u00f1alado de malversaci\u00f3n de recursos p\u00fablicos al no rendir cuentas ni realizar obras, as\u00ed como opacidad en la aplicaci\u00f3n del recurso federal por afectaciones del hurac\u00e1n \u201cAgatha\u201d. <\/p>\n","protected":false},"excerpt":{"rendered":"<p>Yuridiana Sosa \/Zona Roja Oaxaca de Ju\u00e1rez, Oax., 19 de septiembre de 2022.- Por tercera&hellip;<\/p>\n","protected":false},"author":2,"featured_media":45969,"comment_status":"closed","ping_status":"open","sticky":false,"template":"","format":"standard","meta":{"_lmt_disableupdate":"","_lmt_disable":"","_jetpack_memberships_contains_paid_content":false,"footnotes":""},"categories":[109,47],"tags":[],"class_list":["post-45970","post","type-post","status-publish","format-standard","has-post-thumbnail","hentry","category-minuto-a-minuto","category-zona-gris"],"jetpack_featured_media_url":"https:\/\/zonaroja.com.mx\/wp-content\/uploads\/2022\/09\/img_3570-2.jpg","jetpack_sharing_enabled":true,"_links":{"self":[{"href":"https:\/\/zonaroja.com.mx\/index.php?rest_route=\/wp\/v2\/posts\/45970","targetHints":{"allow":["GET"]}}],"collection":[{"href":"https:\/\/zonaroja.com.mx\/index.php?rest_route=\/wp\/v2\/posts"}],"about":[{"href":"https:\/\/zonaroja.com.mx\/index.php?rest_route=\/wp\/v2\/types\/post"}],"author":[{"embeddable":true,"href":"https:\/\/zonaroja.com.mx\/index.php?rest_route=\/wp\/v2\/users\/2"}],"replies":[{"embeddable":true,"href":"https:\/\/zonaroja.com.mx\/index.php?rest_route=%2Fwp%2Fv2%2Fcomments&post=45970"}],"version-history":[{"count":1,"href":"https:\/\/zonaroja.com.mx\/index.php?rest_route=\/wp\/v2\/posts\/45970\/revisions"}],"predecessor-version":[{"id":45971,"href":"https:\/\/zonaroja.com.mx\/index.php?rest_route=\/wp\/v2\/posts\/45970\/revisions\/45971"}],"wp:featuredmedia":[{"embeddable":true,"href":"https:\/\/zonaroja.com.mx\/index.php?rest_route=\/wp\/v2\/media\/45969"}],"wp:attachment":[{"href":"https:\/\/zonaroja.com.mx\/index.php?rest_route=%2Fwp%2Fv2%2Fmedia&parent=45970"}],"wp:term":[{"taxonomy":"category","embeddable":true,"href":"https:\/\/zonaroja.com.mx\/index.php?rest_route=%2Fwp%2Fv2%2Fcategories&post=45970"},{"taxonomy":"post_tag","embeddable":true,"href":"https:\/\/zonaroja.com.mx\/index.php?rest_route=%2Fwp%2Fv2%2Ftags&post=45970"}],"curies":[{"name":"wp","href":"https:\/\/api.w.org\/{rel}","templated":true}]}}