{"id":45972,"date":"2022-09-19T18:21:40","date_gmt":"2022-09-19T23:21:40","guid":{"rendered":"http:\/\/www.zonaroja.com.mx\/?p=45972"},"modified":"2022-09-19T18:21:41","modified_gmt":"2022-09-19T23:21:41","slug":"19s-en-mexico-del-simulacro-al-terror-de-los-sismos","status":"publish","type":"post","link":"https:\/\/zonaroja.com.mx\/?p=45972","title":{"rendered":"19S en M\u00e9xico: del simulacro al terror de los sismos"},"content":{"rendered":"\n<p>Yuridiana Sosa\/Zona Roja.<\/p>\n\n\n\n<p>Oaxaca de Ju\u00e1rez, Oax., 19 de septiembre de 2022.- El sonido de una segunda alerta s\u00edsmica encendi\u00f3 el temor en miles. No era un simulacro, era de verdad.<\/p>\n\n\n\n<p>El d\u00eda inici\u00f3 con una s\u00faplica colectiva: que no tiemble; pero las alarmas s\u00edsmicas se encendieron y las coincidencias sobre un sismo el mismo d\u00eda de hace 37 a\u00f1os y cinco a\u00f1os atemorizaron a la ciudadan\u00eda en M\u00e9xico, en Oaxaca.<\/p>\n\n\n\n<p>En la capital oaxaque\u00f1a las actividades laborales, escolares y cotidianas se normalizaban tras el simulacro nacional registrado a las 12:19 horas.<\/p>\n\n\n\n<p>El orden form\u00f3 parte del ejercicio simulado que tuvo como hip\u00f3tesis un sismo de 8.1 con epicentro en las costas de Michoac\u00e1n y Guerrero, a 42 kil\u00f3metros al noroeste de La Mira, Michoac\u00e1n, estado en que sucedi\u00f3 el sismo con intensidad de 7.7 en Coalcom\u00e1n.<\/p>\n\n\n\n<p>Para algunos un movimiento casi imperceptible, para otros tantos que hac\u00eda menos de una hora hab\u00edan desalojado inmuebles como parte del simulacro, el p\u00e1nico se apoder\u00f3. Ahora s\u00ed estaba temblando de verdad.<\/p>\n\n\n\n<figure class=\"wp-block-embed is-type-rich is-provider-twitter wp-block-embed-twitter\"><div class=\"wp-block-embed__wrapper\">\n<div class=\"twitter-tweet\"><blockquote class=\"twitter-tweet\" data-lang=\"es\"><p lang=\"es\" dir=\"ltr\"><a href=\"https:\/\/twitter.com\/hashtag\/ENVIVO?src=hash&amp;ref_src=twsrc%5Etfw\">#ENVIVO<\/a><br>Oaxaca de Ju\u00e1rez, Oax., a 19 de septiembre de 2022.- Simulacro de sismo en el colegio \u201cMotolin\u00eda\u201d, ubicado en la colonia Reforma de la ciudad de Oaxaca.<br>Transmisi\u00f3n \ud83d\udc47<a href=\"https:\/\/t.co\/f6GVByHxf2\">https:\/\/t.co\/f6GVByHxf2<\/a> <a href=\"https:\/\/t.co\/oyRWUTA6us\">pic.twitter.com\/oyRWUTA6us<\/a><\/p>&mdash; Zona Roja Oaxaca (@ZonaRoja_Oaxaca) <a href=\"https:\/\/twitter.com\/ZonaRoja_Oaxaca\/status\/1571915189859016706?ref_src=twsrc%5Etfw\">19 de septiembre de 2022<\/a><\/blockquote><\/div>\n<\/div><\/figure>\n\n\n\n<p>EN ORDEN<\/p>\n\n\n\n<p>En punto de las 12:19 horas, las alertas s\u00edsmicas se encendieron en ocho entidades del pa\u00eds como parte del simulacro nacional en conmemoraci\u00f3n al D\u00eda Nacional de Protecci\u00f3n Civil, por el sismo del 19 de septiembre de 1985 y de 2017.<\/p>\n\n\n\n<p>Hace 37 a\u00f1os, el sismo de 8.1 afect\u00f3 mayormente a la ciudad de M\u00e9xico; en 2017, de 7.1 a poblaciones de Morelos, Puebla y Ciudad de M\u00e9xico, con un saldo superior de 350 personas fallecidas.<\/p>\n\n\n\n<p>Hoy, estudiantes del Colegio \u201cMotolin\u00eda\u201d, en la colonia Reforma de la ciudad de Oaxaca, representaron a la poblaci\u00f3n al ser sede del ejercicio, donde el orden permiti\u00f3 la evacuaci\u00f3n de salones m\u00e1s de 600 personas en un minuto y 32 segundos.<\/p>\n\n\n\n<p>Reunidos en la explanada de la escuela, estudiantes desde preescolar hasta nivel media superior y personal educativo se reunieron para recibir las indicaciones y regresar a las aulas.<\/p>\n\n\n\n<p>Complejos del Gobierno del Estado, como municipales, igualmente formaron parte de la simulaci\u00f3n.<\/p>\n\n\n\n<p>Mientras que la ciudadan\u00eda, en comercios locales y plazas p\u00fablicas pasaron por alto las recomendaciones ante importante evento para una entidad con alta actividad s\u00edsmica.<\/p>\n\n\n\n<p>Desde el Centro de Control de Comando y Comunicaci\u00f3n (C4), autoridades de seguridad p\u00fablica del orden estatal y nacional, sanitarias y de rescates vigilaron la actividad, sin contratiempos.<\/p>\n\n\n\n<figure class=\"wp-block-embed is-type-rich is-provider-twitter wp-block-embed-twitter\"><div class=\"wp-block-embed__wrapper\">\n<div class=\"twitter-tweet\"><blockquote class=\"twitter-tweet\" data-lang=\"es\"><p lang=\"es\" dir=\"ltr\"><a href=\"https:\/\/twitter.com\/hashtag\/%C3%9AltimoMinuto?src=hash&amp;ref_src=twsrc%5Etfw\">#\u00daltimoMinuto<\/a> <br>\u00a1Ahora s\u00ed fue real!<br>Casi una hora despu\u00e9s del simulacro, suenan las bocinas de la Alerta S\u00edsmica en la ciudad de <a href=\"https:\/\/twitter.com\/hashtag\/Oaxaca?src=hash&amp;ref_src=twsrc%5Etfw\">#Oaxaca<\/a>, por movimiento tel\u00farico, cuya magnitud a\u00fan no se precisa. <br>Video: Cortes\u00eda <a href=\"https:\/\/t.co\/CZ9a1vo4L4\">pic.twitter.com\/CZ9a1vo4L4<\/a><\/p>&mdash; Zona Roja Oaxaca (@ZonaRoja_Oaxaca) <a href=\"https:\/\/twitter.com\/ZonaRoja_Oaxaca\/status\/1571924761936273408?ref_src=twsrc%5Etfw\">19 de septiembre de 2022<\/a><\/blockquote><\/div>\n<\/div><\/figure>\n\n\n\n<p>ES REAL<\/p>\n\n\n\n<p>En menos de una hora, las alertas s\u00edsmicas volvieron a encenderse. No era otro simulacro, era una emergencia real de evacuaci\u00f3n.<\/p>\n\n\n\n<p>En plazas p\u00fablicas, como la Alameda de Le\u00f3n, el movimiento tel\u00farico pas\u00f3 casi inadvertido. Mientras que en edificios de gobierno, locales y viviendas, los ciudadanos tuvieron un mayor impacto.<\/p>\n\n\n\n<p>Algunos, apenas retomaban sus actividades tras el simulacro, cuando debieron evacuar nuevamente los recintos.<\/p>\n\n\n\n<p>El sismo movi\u00f3 a los funcionarios de la mesa de trabajo en el C4. Aplicaron, ahora s\u00ed, el protocolo.<\/p>\n\n\n\n<p>Los datos sobre el sismo se fueron modificando conforme pasaron las horas; el primer dato del Servicio Sismol\u00f3gico Nacional fue de 6.8 grados, despu\u00e9s, 7.4 y finalmente se modific\u00f3 a 7.7 grados, con saldo preliminar de una persona fallecida en Colima y cientos de afectaciones materiales.<\/p>\n\n\n\n<p>Cerca de las 15:20 horas, el SSN report\u00f3 el registro de 168 r\u00e9plicas del sismo de 7.7, la mayor con una intensidad de 5.3 grados.<\/p>\n","protected":false},"excerpt":{"rendered":"<p>Yuridiana Sosa\/Zona Roja. Oaxaca de Ju\u00e1rez, Oax., 19 de septiembre de 2022.- El sonido de&hellip;<\/p>\n","protected":false},"author":2,"featured_media":45973,"comment_status":"closed","ping_status":"open","sticky":false,"template":"","format":"standard","meta":{"_lmt_disableupdate":"","_lmt_disable":"","_jetpack_memberships_contains_paid_content":false,"footnotes":""},"categories":[109,47],"tags":[],"class_list":["post-45972","post","type-post","status-publish","format-standard","has-post-thumbnail","hentry","category-minuto-a-minuto","category-zona-gris"],"jetpack_featured_media_url":"https:\/\/zonaroja.com.mx\/wp-content\/uploads\/2022\/09\/Simulacro-sismo-Oaxaca.jpg","jetpack_sharing_enabled":true,"_links":{"self":[{"href":"https:\/\/zonaroja.com.mx\/index.php?rest_route=\/wp\/v2\/posts\/45972","targetHints":{"allow":["GET"]}}],"collection":[{"href":"https:\/\/zonaroja.com.mx\/index.php?rest_route=\/wp\/v2\/posts"}],"about":[{"href":"https:\/\/zonaroja.com.mx\/index.php?rest_route=\/wp\/v2\/types\/post"}],"author":[{"embeddable":true,"href":"https:\/\/zonaroja.com.mx\/index.php?rest_route=\/wp\/v2\/users\/2"}],"replies":[{"embeddable":true,"href":"https:\/\/zonaroja.com.mx\/index.php?rest_route=%2Fwp%2Fv2%2Fcomments&post=45972"}],"version-history":[{"count":1,"href":"https:\/\/zonaroja.com.mx\/index.php?rest_route=\/wp\/v2\/posts\/45972\/revisions"}],"predecessor-version":[{"id":45974,"href":"https:\/\/zonaroja.com.mx\/index.php?rest_route=\/wp\/v2\/posts\/45972\/revisions\/45974"}],"wp:featuredmedia":[{"embeddable":true,"href":"https:\/\/zonaroja.com.mx\/index.php?rest_route=\/wp\/v2\/media\/45973"}],"wp:attachment":[{"href":"https:\/\/zonaroja.com.mx\/index.php?rest_route=%2Fwp%2Fv2%2Fmedia&parent=45972"}],"wp:term":[{"taxonomy":"category","embeddable":true,"href":"https:\/\/zonaroja.com.mx\/index.php?rest_route=%2Fwp%2Fv2%2Fcategories&post=45972"},{"taxonomy":"post_tag","embeddable":true,"href":"https:\/\/zonaroja.com.mx\/index.php?rest_route=%2Fwp%2Fv2%2Ftags&post=45972"}],"curies":[{"name":"wp","href":"https:\/\/api.w.org\/{rel}","templated":true}]}}