{"id":4599,"date":"2019-10-06T14:21:47","date_gmt":"2019-10-06T19:21:47","guid":{"rendered":"http:\/\/www.zonaroja.com.mx\/?p=4599"},"modified":"2019-10-06T14:21:51","modified_gmt":"2019-10-06T19:21:51","slug":"amlo-firmaria-acuerdo-de-paz-con-triquis-si-hay-acuerdo-entre-todos","status":"publish","type":"post","link":"https:\/\/zonaroja.com.mx\/?p=4599","title":{"rendered":"AMLO firmar\u00eda acuerdo de paz con triquis, \u201csi hay acuerdo entre todos\u201d"},"content":{"rendered":"\n<p>Redacci\u00f3n\/Zona Roja.<\/p>\n\n\n\n<p>Foto: Cortes\u00eda<\/p>\n\n\n\n<p>Oaxaca de Ju\u00e1rez, Oax., 6 de octubre de\n2019.- Al visitar el hospital rural del IMSS en Santiago Juxtlahuaca, el\nPresidente de M\u00e9xico, Andr\u00e9s Manuel L\u00f3pez Obrador, se comprometi\u00f3 a regresar a\nla Mixteca y firmar un acuerdo de paz entre las comunidades triquis, pero s\u00f3lo\nsi dejan sus diferencias a un lado.<\/p>\n\n\n\n<p>\u201cTerminando la gira por hospitales, voy\na hablar con los pueblos originarios del pa\u00eds; si se llega a un acuerdo,\nempiezo la gira en San Juan Copala; si hay acuerdo entre todas las expresiones,\nah\u00ed firmamos un acuerdo de paz \u00a1que va a ser hist\u00f3rico!<\/p>\n\n\n\n<p>\u201cY me comprometo a apoyar a los pueblos triquis, como a los pueblos mixtecos. Por favor les pido que haya di\u00e1logo, nada de odios, nada de rencores, sino como hermanos, vamos a unirnos\u201d, dijo el mandatario.<\/p>\n\n\n\n<figure class=\"wp-block-embed-twitter wp-block-embed is-type-rich is-provider-twitter\"><div class=\"wp-block-embed__wrapper\">\n<div class=\"twitter-tweet\"><blockquote class=\"twitter-tweet\" data-lang=\"es\"><p lang=\"es\" dir=\"ltr\">Con rechiflas fue recibido el presidente municipal de Santiago Juxtlahuaca, Nicol\u00e1s Feria, durante el acto que encabezan el Presidente <a href=\"https:\/\/twitter.com\/lopezobrador_?ref_src=twsrc%5Etfw\">@lopezobrador_<\/a> y el gobernador <a href=\"https:\/\/twitter.com\/alejandromurat?ref_src=twsrc%5Etfw\">@alejandromurat<\/a>. <a href=\"https:\/\/t.co\/nnqiI2gtBy\">pic.twitter.com\/nnqiI2gtBy<\/a><\/p>&mdash; Zona Roja Oaxaca (@MexRoja) <a href=\"https:\/\/twitter.com\/MexRoja\/status\/1180889855112499200?ref_src=twsrc%5Etfw\">6 de octubre de 2019<\/a><\/blockquote><\/div>\n<\/div><\/figure>\n\n\n\n<p>En su novena gira por Oaxaca, L\u00f3pez\nObrador y el gobernador Alejandro Murat Hinjosa fueron recibidos con gritos,\npancartas y mantas de protesta, principalmente en contra del presidente\nmunicipal de Juxtlahuaca, Nicol\u00e1s Feria Romero.<\/p>\n\n\n\n<p>Asimismo, por las p\u00e9simas condiciones\nde la carretera federal y por la lentitud en los apoyos a las familias\ndamnificadas por las lluvias del domingo de hace ocho d\u00edas; pese a ello, el\nmandatario no recorri\u00f3 las colonias afectadas por las inundaciones.<\/p>\n\n\n\n<p>Juxtlahuaca congrega a la mayor\u00eda de las comunidades de la etnia triqui, principalmente en la zona de Copala, donde hace m\u00e1s de nueve a\u00f1os hubo enfrentamientos entre diversas organizaciones, como el Movimiento de Unificaci\u00f3n y de Lucha Triqui (MULT), Movimiento de Unificaci\u00f3n y Lucha Triqui Independiente (MULTI) y Unidad de Bienestar Social de la Regi\u00f3n Triqui (Ubisort).<\/p>\n\n\n\n<figure class=\"wp-block-embed-twitter wp-block-embed is-type-rich is-provider-twitter\"><div class=\"wp-block-embed__wrapper\">\n<div class=\"twitter-tweet\"><blockquote class=\"twitter-tweet\" data-lang=\"es\"><p lang=\"es\" dir=\"ltr\"><a href=\"https:\/\/twitter.com\/hashtag\/OaxacaGris?src=hash&amp;ref_src=twsrc%5Etfw\">#OaxacaGris<\/a><br>Comunidades Triquis, parte de los manifestantes en la gira hoy del Presidente <a href=\"https:\/\/twitter.com\/lopezobrador_?ref_src=twsrc%5Etfw\">@lopezobrador_<\/a> y <a href=\"https:\/\/twitter.com\/alejandromurat?ref_src=twsrc%5Etfw\">@alejandromurat<\/a> por Santiago Juxtlahuaca. <a href=\"https:\/\/t.co\/h707QPQzd1\">pic.twitter.com\/h707QPQzd1<\/a><\/p>&mdash; Zona Roja Oaxaca (@MexRoja) <a href=\"https:\/\/twitter.com\/MexRoja\/status\/1180871972613447685?ref_src=twsrc%5Etfw\">6 de octubre de 2019<\/a><\/blockquote><\/div>\n<\/div><\/figure>\n\n\n\n<p>Ese problema origin\u00f3 el desplazamiento\nde cientos de familias hacia la ciudad de Oaxaca, parte de las cuales obtuvo\nmedidas cautelares por pare de la Comisi\u00f3n Interamericana de Derechos Humanos y\nson quienes ahora expenden productos en el exterior del Palacio de Gobierno.<\/p>\n\n\n\n<p>En su mensaje, el Presidente L\u00f3pez\nObrador oblig\u00f3 tambi\u00e9n al gobernador Murat Hinojosa a iniciar a la brevedad la\nrepavimentaci\u00f3n de la carretera federal Huajuapan-Juxtlahuaca, con presupuesto\na partes iguales.<\/p>\n\n\n\n<p>Por su parte, el gobernador de Oaxaca\nagradeci\u00f3 nuevamente que el gobierno federalice el sector salud, con lo cual habr\u00e1\nrecursos financieros para equipamiento y conclusi\u00f3n de unidades m\u00e9dicas. <\/p>\n\n\n\n<p>Asimismo, por la basificaci\u00f3n paulatina\nde miles de trabajadores, ahora en situaci\u00f3n de irregulares.<\/p>\n","protected":false},"excerpt":{"rendered":"<p>Redacci\u00f3n\/Zona Roja. Foto: Cortes\u00eda Oaxaca de Ju\u00e1rez, Oax., 6 de octubre de 2019.- Al visitar&hellip;<\/p>\n","protected":false},"author":2,"featured_media":4600,"comment_status":"closed","ping_status":"open","sticky":false,"template":"","format":"standard","meta":{"_lmt_disableupdate":"","_lmt_disable":"","_jetpack_memberships_contains_paid_content":false,"footnotes":""},"categories":[109,46],"tags":[143,826],"class_list":["post-4599","post","type-post","status-publish","format-standard","has-post-thumbnail","hentry","category-minuto-a-minuto","category-zona-blanca","tag-andres-manuel-lopez-obrador","tag-santiago-juxtlahuaca"],"jetpack_featured_media_url":"https:\/\/zonaroja.com.mx\/wp-content\/uploads\/2019\/10\/PHOTO-2019-10-06-12-15-09.jpg","jetpack_sharing_enabled":true,"_links":{"self":[{"href":"https:\/\/zonaroja.com.mx\/index.php?rest_route=\/wp\/v2\/posts\/4599","targetHints":{"allow":["GET"]}}],"collection":[{"href":"https:\/\/zonaroja.com.mx\/index.php?rest_route=\/wp\/v2\/posts"}],"about":[{"href":"https:\/\/zonaroja.com.mx\/index.php?rest_route=\/wp\/v2\/types\/post"}],"author":[{"embeddable":true,"href":"https:\/\/zonaroja.com.mx\/index.php?rest_route=\/wp\/v2\/users\/2"}],"replies":[{"embeddable":true,"href":"https:\/\/zonaroja.com.mx\/index.php?rest_route=%2Fwp%2Fv2%2Fcomments&post=4599"}],"version-history":[{"count":1,"href":"https:\/\/zonaroja.com.mx\/index.php?rest_route=\/wp\/v2\/posts\/4599\/revisions"}],"predecessor-version":[{"id":4601,"href":"https:\/\/zonaroja.com.mx\/index.php?rest_route=\/wp\/v2\/posts\/4599\/revisions\/4601"}],"wp:featuredmedia":[{"embeddable":true,"href":"https:\/\/zonaroja.com.mx\/index.php?rest_route=\/wp\/v2\/media\/4600"}],"wp:attachment":[{"href":"https:\/\/zonaroja.com.mx\/index.php?rest_route=%2Fwp%2Fv2%2Fmedia&parent=4599"}],"wp:term":[{"taxonomy":"category","embeddable":true,"href":"https:\/\/zonaroja.com.mx\/index.php?rest_route=%2Fwp%2Fv2%2Fcategories&post=4599"},{"taxonomy":"post_tag","embeddable":true,"href":"https:\/\/zonaroja.com.mx\/index.php?rest_route=%2Fwp%2Fv2%2Ftags&post=4599"}],"curies":[{"name":"wp","href":"https:\/\/api.w.org\/{rel}","templated":true}]}}