{"id":46023,"date":"2022-09-20T20:16:15","date_gmt":"2022-09-21T01:16:15","guid":{"rendered":"http:\/\/www.zonaroja.com.mx\/?p=46023"},"modified":"2022-09-20T20:16:16","modified_gmt":"2022-09-21T01:16:16","slug":"opinion-militarizar-para-control-social","status":"publish","type":"post","link":"https:\/\/zonaroja.com.mx\/?p=46023","title":{"rendered":"Opini\u00f3n. Militarizar para control social"},"content":{"rendered":"\n<p>N\u00e9stor Y. S\u00e1nchez Islas<\/p>\n\n\n\n<p>Aun cuando va contra el texto constitucional, el presidente logr\u00f3 con maniobras pol\u00edticas, transferir a la Guardia Nacional a la Secretar\u00eda de la Defensa, lo que simple y llanamente es, en los hechos, la militarizaci\u00f3n de la seguridad p\u00fablica.<\/p>\n\n\n\n<p>Un proceso lleno de contradicciones propias de una persona que transita libremente entre una ideolog\u00eda caduca y originalmente atea a un fanatismo creciente hacia posturas cristianas conservadoras como el que se vive actualmente en los Estados Unidos, es decir, un personaje inestable e impredecible es el presidente Obrador.<\/p>\n\n\n\n<p>Podemos fijar el 2 de octubre de 1968 como la fecha en que la izquierda mexicana tom\u00f3 oficialmente la bandera contra la militarizaci\u00f3n del pa\u00eds. As\u00ed fue hasta hace unos d\u00edas.&nbsp;<\/p>\n\n\n\n<p>Esa misma izquierda que march\u00f3 durante a\u00f1os por las calles exigiendo el respeto a los derechos humanos y el regreso de los militares a sus cuarteles, hoy cambi\u00f3 de opini\u00f3n. Textualmente el propio presidente afirm\u00f3: \u201cCambi\u00e9 de opini\u00f3n, ya viendo el problema que me heredaron\u201d.<\/p>\n\n\n\n<p>Los riesgos de militarizar la vida civil del pa\u00eds son muchos. El derecho a libertad de expresi\u00f3n es, probablemente, el que m\u00e1s riesgo corre. El mismo d\u00eda que el Congreso vot\u00f3 por transferir la Guarda Nacional al mando militar, \u00e9sta public\u00f3 un mensaje en redes sociales en que se\u00f1ala de que \u201ctengamos cuidado con lo que publicamos en el espacio virtual porque puede tener consecuencias en el mundo real\u201d. La amenaza es clara y directa desde el primer d\u00eda.<\/p>\n\n\n\n<p>El creador de la guerra al narcotr\u00e1fico fue el presidente norteamericano Richard Nixon en 1971. En M\u00e9xico la inici\u00f3 Luis Echeverr\u00eda quien aprovech\u00f3 la oportunidad de usar al ej\u00e9rcito no solo para atacar el narcotr\u00e1fico en las sierras, selvas y desiertos del pa\u00eds, sino como una herramienta de control social y coerci\u00f3n pol\u00edtica que deriv\u00f3 en la guerra sucia contra guerrillas y movimientos sociales.&nbsp;<\/p>\n\n\n\n<p>De las sierras lejanas el narco se vino a las ciudades. Felipe Calder\u00f3n inaugur\u00f3 la guerra urbana contra un enemigo que, inspirado en las brutalidades del \u201cEstado isl\u00e1mico\u201d, trajo el horror a nuestros vecindarios.<\/p>\n\n\n\n<p>El presidente Obrador hizo campa\u00f1a por 18 a\u00f1os con la promesa de acabar con el crimen en seis meses como lo testifican los videos de muchos de sus m\u00edtines, y regresar a los militares a sus cuarteles.&nbsp;<\/p>\n\n\n\n<p>No solo no lo hizo, ya cambi\u00f3 de opini\u00f3n y su sexenio es el m\u00e1s sangriento de la historia nacional. A la mitad de su gobierno ya super\u00f3 los que tuvo Calder\u00f3n en todo su sexenio.<\/p>\n\n\n\n<p>Militarizar el pa\u00eds refuerza uno de los pocos fueros vigentes, el fuero militar. Y los fueros siempre han sido nocivos porque la norma es el abuso de quienes los ostentan. El fuero militar es una modalidad de ventaja contra todos nosotros, la sociedad civil, nos coloca en desventaja ante las arbitrariedades que todos los d\u00edas se comenten por parte de las autoridades.<\/p>\n\n\n\n<p>La historia reciente recuerda el caso del General Francisco Gallardo, aquel a quien el ej\u00e9rcito encarcel\u00f3 durante nueve a\u00f1os por pedir que, para detener los abusos del fuero de guerra, se creara en M\u00e9xico la figura del Ombudsman militar.&nbsp;<\/p>\n\n\n\n<p>Su caso fue muy medi\u00e1tico y no debe olvidarse porque \u00e9l, siendo miembro de las fuerzas armadas en altos cargos, conoc\u00eda muy bien las entra\u00f1as de la \u00e9lite militar y los abusos cometidos por algunos de ellos.<\/p>\n\n\n\n<p>De 1989 a 1992, es decir, durante el gobierno de Carlos Salinas de Gortari, un presidente altamente popular en sus tiempos como lo es hoy AMLO, los militares le abrieron m\u00e1s de 20 averiguaciones previas, se le imputaron 21 delitos entre ellos, injurias, calumnias al ej\u00e9rcito y malversaci\u00f3n de fondos.&nbsp;<\/p>\n\n\n\n<p>El presidente Vicente Fox orden\u00f3 su liberaci\u00f3n, pero sin haberlo exonerado, lo que permiti\u00f3 a la Sedena intentar retirarle el grado de general y quitarle sus prestaciones, como lo fue el servicio m\u00e9dico, y fue esto \u00faltimo lo que aceler\u00f3 su muerte reciente derivado de complicaciones de Covid-19.<\/p>\n\n\n\n<p>Llama la atenci\u00f3n como medios afines a la izquierda le dieron abrigo y publicaron sus colaboraciones, pero llama m\u00e1s la atenci\u00f3n que se convirti\u00f3 en asesor del naciente \u201cMovimiento de Regeneraci\u00f3n Nacional\u201d.&nbsp;<\/p>\n\n\n\n<p>As\u00ed fue, se convirti\u00f3 en asesor del ahora presidente Obrador en su lucha contra la militarizaci\u00f3n de la vida nacional. Ahora sabemos que bate\u00f3 al general Gallardo alegremente.<\/p>\n\n\n\n<p>A la militarizaci\u00f3n debemos sumar el hecho de no haberse eliminado la figura de la \u201cprisi\u00f3n preventiva oficiosa\u201d. Ambas herramientas son peligrosas en manos de un l\u00edder amante del autoritarismo que gobierna a trav\u00e9s de certezas morales y no de la ley y las instituciones. Sabemos que el lema del presidente es que \u201cprimero la justicia que la ley\u201d, o su ahora famoso dicho de \u201cno me vengan con que la ley es la ley\u201d.<\/p>\n\n\n\n<p>Es cierto, el presidente puede usar al ej\u00e9rcito para luchar contra la delincuencia, pero quiz\u00e1, al igual que lo hicieron Echeverr\u00eda y L\u00f3pez Portillo, tambi\u00e9n lo use como una fuerza de control social y coerci\u00f3n contra sus opositores: represi\u00f3n.<\/p>\n\n\n\n<p>Twitter @nestoryuri<\/p>\n","protected":false},"excerpt":{"rendered":"<p>N\u00e9stor Y. S\u00e1nchez Islas Aun cuando va contra el texto constitucional, el presidente logr\u00f3 con&hellip;<\/p>\n","protected":false},"author":2,"featured_media":41861,"comment_status":"closed","ping_status":"open","sticky":false,"template":"","format":"standard","meta":{"_lmt_disableupdate":"","_lmt_disable":"","_jetpack_memberships_contains_paid_content":false,"footnotes":""},"categories":[456,109],"tags":[3050],"class_list":["post-46023","post","type-post","status-publish","format-standard","has-post-thumbnail","hentry","category-columna","category-minuto-a-minuto","tag-nestor-yuri-sanchez"],"jetpack_featured_media_url":"https:\/\/zonaroja.com.mx\/wp-content\/uploads\/2022\/05\/Opinion-Nestor-Yuri-Sanchez-Islas.jpg","jetpack_sharing_enabled":true,"_links":{"self":[{"href":"https:\/\/zonaroja.com.mx\/index.php?rest_route=\/wp\/v2\/posts\/46023","targetHints":{"allow":["GET"]}}],"collection":[{"href":"https:\/\/zonaroja.com.mx\/index.php?rest_route=\/wp\/v2\/posts"}],"about":[{"href":"https:\/\/zonaroja.com.mx\/index.php?rest_route=\/wp\/v2\/types\/post"}],"author":[{"embeddable":true,"href":"https:\/\/zonaroja.com.mx\/index.php?rest_route=\/wp\/v2\/users\/2"}],"replies":[{"embeddable":true,"href":"https:\/\/zonaroja.com.mx\/index.php?rest_route=%2Fwp%2Fv2%2Fcomments&post=46023"}],"version-history":[{"count":1,"href":"https:\/\/zonaroja.com.mx\/index.php?rest_route=\/wp\/v2\/posts\/46023\/revisions"}],"predecessor-version":[{"id":46024,"href":"https:\/\/zonaroja.com.mx\/index.php?rest_route=\/wp\/v2\/posts\/46023\/revisions\/46024"}],"wp:featuredmedia":[{"embeddable":true,"href":"https:\/\/zonaroja.com.mx\/index.php?rest_route=\/wp\/v2\/media\/41861"}],"wp:attachment":[{"href":"https:\/\/zonaroja.com.mx\/index.php?rest_route=%2Fwp%2Fv2%2Fmedia&parent=46023"}],"wp:term":[{"taxonomy":"category","embeddable":true,"href":"https:\/\/zonaroja.com.mx\/index.php?rest_route=%2Fwp%2Fv2%2Fcategories&post=46023"},{"taxonomy":"post_tag","embeddable":true,"href":"https:\/\/zonaroja.com.mx\/index.php?rest_route=%2Fwp%2Fv2%2Ftags&post=46023"}],"curies":[{"name":"wp","href":"https:\/\/api.w.org\/{rel}","templated":true}]}}