{"id":46025,"date":"2022-09-20T21:32:49","date_gmt":"2022-09-21T02:32:49","guid":{"rendered":"http:\/\/www.zonaroja.com.mx\/?p=46025"},"modified":"2022-09-20T21:32:51","modified_gmt":"2022-09-21T02:32:51","slug":"con-bloqueo-y-protesta-pretenden-liberacion-de-hijo-de-don-panchito","status":"publish","type":"post","link":"https:\/\/zonaroja.com.mx\/?p=46025","title":{"rendered":"Con bloqueo y protesta pretenden liberaci\u00f3n de hijo de \u201cDon Panchito\u201d"},"content":{"rendered":"\n<p>Ismael Garc\u00eda M.\/Zona Roja.<\/p>\n\n\n\n<p>Oaxaca de Ju\u00e1rez, Oax., a 20 de septiembre de 2022.- Un grupo de integrantes del Frente Popular \u201c14 de Junio\u201d pretenden con bloqueos y protestas, la liberaci\u00f3n de Francisco J. M., hijo de Francisco Mart\u00ednez S\u00e1nchez, alias \u201cDon Panchito\u201d, acusado del delito de despojo.<\/p>\n\n\n\n<p>La tarde de este lunes, encabezados por la abogada Edith Santib\u00e1\u00f1ez, se manifestaron cerca de la carretera federal 190, Oaxaca-Istmo, en el acceso al Centro de Reinserci\u00f3n Social ubicado en San Francisco Tanivet, Tlacolula.<\/p>\n\n\n\n<p>Francisco J. M. estuvo acusado del delito de homicidio, pero supuestamente los testigos de este caso no llegaron a la audiencia debido a que fueron amenazados, por lo que el imputado fue exculpado por el juez de la causa.<\/p>\n\n\n\n<p>Permanece en prisi\u00f3n acusado de despojo, pero seg\u00fan la abogada -integrante de la Secci\u00f3n 22 del Sindicato Nacional de Trabajadores de la Educaci\u00f3n-, es un \u201cpreso pol\u00edtico\u201d que debe ser liberado.<\/p>\n\n\n\n<p>Durante la protesta, acus\u00f3 que la Jueza del Cuarto Juzgado de lo Penal, Alba Osorio Velasco, obstaculiza el procedimiento de libertad para su defendido, uno de los l\u00edderes del Frente Popular \u201c14 de Junio\u201d, organizaci\u00f3n beligerante ahora refugiada en la invasi\u00f3n de calles del Centro Hist\u00f3rico de la capital con vendedores ambulantes.<\/p>\n\n\n\n<p>\u00abPensaron que iba a venir cualquier persona a defenderlo, pero ustedes saben que yo conozco c\u00f3mo opera el Estado y sus instituciones, y en esas carpetas (de investigaci\u00f3n) se hicieron las observaciones de las irregularidades\u00bb, dijo Edith Santib\u00e1\u00f1ez.<\/p>\n\n\n\n<p>El hijo de \u201cDon Panchito\u201d podr\u00eda lograr el cambio de medida cautelar y seguir su proceso en libertad bajo cauci\u00f3n, lo cual se determinar\u00e1 en las pr\u00f3ximas horas, pues la audiencia contin\u00faa.<\/p>\n\n\n\n<figure class=\"wp-block-embed is-type-rich is-provider-twitter wp-block-embed-twitter\"><div class=\"wp-block-embed__wrapper\">\n<div class=\"twitter-tweet\"><blockquote class=\"twitter-tweet\" data-lang=\"es\"><p lang=\"es\" dir=\"ltr\"><a href=\"https:\/\/twitter.com\/hashtag\/%C3%9AltimoMinuto?src=hash&amp;ref_src=twsrc%5Etfw\">#\u00daltimoMinuto<\/a><br>\u00a1Otro bloqueo carretero!<br>La abogada Edith Santib\u00e1\u00f1ez -afiliada a la Secci\u00f3n 22- y agremiados a la organizaci\u00f3n Frente Popular \u201c14 de Junio\u201d cierran la v\u00eda Oaxaca-Istmo, a la altura de Tanivet, Tlacolula, para exigir liberen a Francisco M., hijo de \u201cDon Panchito\u201d. <a href=\"https:\/\/t.co\/RIsbQyqXqu\">pic.twitter.com\/RIsbQyqXqu<\/a><\/p>&mdash; Zona Roja Oaxaca (@ZonaRoja_Oaxaca) <a href=\"https:\/\/twitter.com\/ZonaRoja_Oaxaca\/status\/1572362383401820165?ref_src=twsrc%5Etfw\">20 de septiembre de 2022<\/a><\/blockquote><\/div>\n<\/div><figcaption>lar <\/figcaption><\/figure>\n","protected":false},"excerpt":{"rendered":"<p>Ismael Garc\u00eda M.\/Zona Roja. Oaxaca de Ju\u00e1rez, Oax., a 20 de septiembre de 2022.- Un&hellip;<\/p>\n","protected":false},"author":2,"featured_media":46026,"comment_status":"closed","ping_status":"open","sticky":false,"template":"","format":"standard","meta":{"_lmt_disableupdate":"","_lmt_disable":"","_jetpack_memberships_contains_paid_content":false,"footnotes":""},"categories":[109,47],"tags":[2018],"class_list":["post-46025","post","type-post","status-publish","format-standard","has-post-thumbnail","hentry","category-minuto-a-minuto","category-zona-gris","tag-frente-popular-14-de-junio-oaxaca"],"jetpack_featured_media_url":"https:\/\/zonaroja.com.mx\/wp-content\/uploads\/2022\/09\/Protesta-Frente-Popular-14-Junio.jpg","jetpack_sharing_enabled":true,"_links":{"self":[{"href":"https:\/\/zonaroja.com.mx\/index.php?rest_route=\/wp\/v2\/posts\/46025","targetHints":{"allow":["GET"]}}],"collection":[{"href":"https:\/\/zonaroja.com.mx\/index.php?rest_route=\/wp\/v2\/posts"}],"about":[{"href":"https:\/\/zonaroja.com.mx\/index.php?rest_route=\/wp\/v2\/types\/post"}],"author":[{"embeddable":true,"href":"https:\/\/zonaroja.com.mx\/index.php?rest_route=\/wp\/v2\/users\/2"}],"replies":[{"embeddable":true,"href":"https:\/\/zonaroja.com.mx\/index.php?rest_route=%2Fwp%2Fv2%2Fcomments&post=46025"}],"version-history":[{"count":1,"href":"https:\/\/zonaroja.com.mx\/index.php?rest_route=\/wp\/v2\/posts\/46025\/revisions"}],"predecessor-version":[{"id":46027,"href":"https:\/\/zonaroja.com.mx\/index.php?rest_route=\/wp\/v2\/posts\/46025\/revisions\/46027"}],"wp:featuredmedia":[{"embeddable":true,"href":"https:\/\/zonaroja.com.mx\/index.php?rest_route=\/wp\/v2\/media\/46026"}],"wp:attachment":[{"href":"https:\/\/zonaroja.com.mx\/index.php?rest_route=%2Fwp%2Fv2%2Fmedia&parent=46025"}],"wp:term":[{"taxonomy":"category","embeddable":true,"href":"https:\/\/zonaroja.com.mx\/index.php?rest_route=%2Fwp%2Fv2%2Fcategories&post=46025"},{"taxonomy":"post_tag","embeddable":true,"href":"https:\/\/zonaroja.com.mx\/index.php?rest_route=%2Fwp%2Fv2%2Ftags&post=46025"}],"curies":[{"name":"wp","href":"https:\/\/api.w.org\/{rel}","templated":true}]}}