{"id":46040,"date":"2022-09-21T09:00:00","date_gmt":"2022-09-21T14:00:00","guid":{"rendered":"http:\/\/www.zonaroja.com.mx\/?p=46040"},"modified":"2022-09-21T06:50:41","modified_gmt":"2022-09-21T11:50:41","slug":"siguen-enfermando-y-falleciendo-infantes-por-covid-en-oaxaca-van-50-decesos","status":"publish","type":"post","link":"https:\/\/zonaroja.com.mx\/?p=46040","title":{"rendered":"Siguen enfermando y falleciendo infantes por Covid en Oaxaca; van 50 decesos"},"content":{"rendered":"\n<p>Yuridiana Sosa\/Zona Roja.<\/p>\n\n\n\n<p>Oaxaca de Ju\u00e1rez, Oax., a 21 de septiembre de 2022.- Los contagios y defunciones por Covid-19 en infantes de cero a 17 a\u00f1os de edad en Oaxaca, siguen presentes y en aumento, de acuerdo con el Sistema Nacional de Protecci\u00f3n Integral de Ni\u00f1as, Ni\u00f1os y Adolescentes (Sipinna).&nbsp;<\/p>\n\n\n\n<p>El informe m\u00e1s reciente del Sipinna, al corte del 18 de septiembre con datos de la Secretar\u00eda de Salud de M\u00e9xico, detall\u00f3 que en Oaxaca se han registrado 50 defunciones, lo que la coloca como la s\u00e9ptima entidad con m\u00e1s casos.<\/p>\n\n\n\n<p>Los menores de cero a cinco a\u00f1os, fue el rango de edad m\u00e1s afectada con 36 defunciones, seguido de los menores de 12 a 17 a\u00f1os, con 10 casos y cuatro para el grupo de seis a 11 a\u00f1os.<\/p>\n\n\n\n<p>El dato representa un aumento de cuatro casos en comparaci\u00f3n al reporte del mes de mayo; as\u00ed tambi\u00e9n, el n\u00famero de contagios es mayor por m\u00e1s de 240 casos, al pasar de dos mil 489 a dos mil 736 contagios acumulados.<\/p>\n\n\n\n<p>La poblaci\u00f3n m\u00e1s afectada en padecer la enfermedad son el grupo de 12 a 17 a\u00f1os de edad, con mil 186 contagios; de seis a 11 a\u00f1os, 711 casos y 839 para los infantes de cero a cinco a\u00f1os.<\/p>\n\n\n\n<p>NACIONAL<\/p>\n\n\n\n<p>En el transcurso de m\u00e1s de dos a\u00f1os de pandemia por Covid-19, en M\u00e9xico han fallecido mil 19 ni\u00f1as, ni\u00f1os y adolescentes que dieron positivo a SARS-CoV-2, de los que 476 correspondieron al sexo femenino y 543 al sexo masculino.<\/p>\n\n\n\n<p>Al 18 de septiembre, la Sipinna report\u00f3 que los estados m\u00e1s afectados fueron, Estado de M\u00e9xico, 133 casos; Quer\u00e9taro, 71; Nuevo Le\u00f3n, 64; Baja California, 62; con 61 casos Yucat\u00e1n, Durango y Ciudad de M\u00e9xico; Guanajuato, 57 y Oaxaca 50.<\/p>\n\n\n\n<p>De acuerdo al reporte, este 2022 baj\u00f3 el n\u00famero de muertes y contagios por Covid-19, con 159, mientras que en 2021 y 2020 fue de 381 y 479, respectivamente.<\/p>\n\n\n\n<p>Respecto a contagios acumulados de abril de 2020 al 18 de septiembre de este a\u00f1o, son 109 mil 655 ni\u00f1as, ni\u00f1os y adolescentes con resultado positivo confirmado de SARS-CoV-2.<\/p>\n\n\n\n<p>Durante este a\u00f1o se han registrado 25 mil 858 casos en menores de edad, lo cual significativamente menor a los del 2021, con 43 mil 77 contagios acumulados, mientras que el primer a\u00f1o de pandemia se contabilizaron un total de 40 mil 720 casos positivos de Covid-19 en ni\u00f1os, ni\u00f1as y adolescentes de cero a 17 a\u00f1os de edad.<\/p>\n","protected":false},"excerpt":{"rendered":"<p>Yuridiana Sosa\/Zona Roja. Oaxaca de Ju\u00e1rez, Oax., a 21 de septiembre de 2022.- Los contagios&hellip;<\/p>\n","protected":false},"author":2,"featured_media":46041,"comment_status":"closed","ping_status":"open","sticky":false,"template":"","format":"standard","meta":{"_lmt_disableupdate":"","_lmt_disable":"","_jetpack_memberships_contains_paid_content":false,"footnotes":""},"categories":[109,47],"tags":[1512],"class_list":["post-46040","post","type-post","status-publish","format-standard","has-post-thumbnail","hentry","category-minuto-a-minuto","category-zona-gris","tag-coronavirus-oaxaca"],"jetpack_featured_media_url":"https:\/\/zonaroja.com.mx\/wp-content\/uploads\/2022\/09\/Muerte-menores-de-edad-Covid-Mexico.jpeg","jetpack_sharing_enabled":true,"_links":{"self":[{"href":"https:\/\/zonaroja.com.mx\/index.php?rest_route=\/wp\/v2\/posts\/46040","targetHints":{"allow":["GET"]}}],"collection":[{"href":"https:\/\/zonaroja.com.mx\/index.php?rest_route=\/wp\/v2\/posts"}],"about":[{"href":"https:\/\/zonaroja.com.mx\/index.php?rest_route=\/wp\/v2\/types\/post"}],"author":[{"embeddable":true,"href":"https:\/\/zonaroja.com.mx\/index.php?rest_route=\/wp\/v2\/users\/2"}],"replies":[{"embeddable":true,"href":"https:\/\/zonaroja.com.mx\/index.php?rest_route=%2Fwp%2Fv2%2Fcomments&post=46040"}],"version-history":[{"count":1,"href":"https:\/\/zonaroja.com.mx\/index.php?rest_route=\/wp\/v2\/posts\/46040\/revisions"}],"predecessor-version":[{"id":46042,"href":"https:\/\/zonaroja.com.mx\/index.php?rest_route=\/wp\/v2\/posts\/46040\/revisions\/46042"}],"wp:featuredmedia":[{"embeddable":true,"href":"https:\/\/zonaroja.com.mx\/index.php?rest_route=\/wp\/v2\/media\/46041"}],"wp:attachment":[{"href":"https:\/\/zonaroja.com.mx\/index.php?rest_route=%2Fwp%2Fv2%2Fmedia&parent=46040"}],"wp:term":[{"taxonomy":"category","embeddable":true,"href":"https:\/\/zonaroja.com.mx\/index.php?rest_route=%2Fwp%2Fv2%2Fcategories&post=46040"},{"taxonomy":"post_tag","embeddable":true,"href":"https:\/\/zonaroja.com.mx\/index.php?rest_route=%2Fwp%2Fv2%2Ftags&post=46040"}],"curies":[{"name":"wp","href":"https:\/\/api.w.org\/{rel}","templated":true}]}}