{"id":46046,"date":"2022-09-22T11:00:00","date_gmt":"2022-09-22T16:00:00","guid":{"rendered":"http:\/\/www.zonaroja.com.mx\/?p=46046"},"modified":"2022-09-22T07:17:31","modified_gmt":"2022-09-22T12:17:31","slug":"red-indigena-se-pronuncian-contra-iniciativa-morena-en-oaxaca-sobre-derechos-politicos","status":"publish","type":"post","link":"https:\/\/zonaroja.com.mx\/?p=46046","title":{"rendered":"Red ind\u00edgena se pronuncian contra iniciativa de Morena en Oaxaca sobre derechos pol\u00edticos"},"content":{"rendered":"\n<p>Yuridiana Sosa\/Zona Roja.<\/p>\n\n\n\n<p>Oaxaca de Ju\u00e1rez, Oax., 22 de septiembre de 2022.- La Red de Abogadas Ind\u00edgenas, cap\u00edtulo Oaxaca, se pronunci\u00f3 contra la iniciativa de reforma que el grupo parlamentario de Morena propone para modificar la paridad de g\u00e9nero en los municipios regidos por Sistemas Normativos Ind\u00edgenas (SNI), en detrimento de su participaci\u00f3n.<\/p>\n\n\n\n<p>\u00abLos derechos pol\u00edticos de las mujeres ind\u00edgenas no pueden ser impostergables. Nos preocupa que se legisle en retroceso los derechos pol\u00edticos y electorales, pues en muchas comunidades han podido participar s\u00f3lo a base de sentencias\u201d, se\u00f1al\u00f3 el organismo nacional a favor de las mujeres ind\u00edgenas.<\/p>\n\n\n\n<p>La propuesta, apunta la Red, est\u00e1 enfocada al sentir de las mujeres de una regi\u00f3n, m\u00e1s no de quienes de las habitantes de los 417 municipios que se rigen por el SNI, pues bajo el discurso de la preservaci\u00f3n de la libre determinaci\u00f3n y autonom\u00eda de los pueblos se pretende seguir impidiendo la participaci\u00f3n de las mujeres con el argumento de atentar contra la vida comunitaria, cuando encontramos pr\u00e1cticas socioculturales que violan los derechos humanos de las mujeres.<\/p>\n\n\n\n<p>Por lo que exigieron a las instituciones que se garantice su derecho a la participaci\u00f3n pol\u00edtica de las mujeres ind\u00edgenas.<\/p>\n\n\n\n<p>\u201c\u00a1Basta de seguir postergando el deber y deuda que tiene el Estado con nosotras!\u201d, \u201c\u00a1Basta de pretextos para seguir modificando la ley sin consultarnos!\u201d, \u201c\u00a1Basta de seguir poniendo pretextos para no garantizar nuestros derechos!\u201d, sentenciaron.<br>Ante lo que proponen a las autoridades electorales del Estado a realizar asambleas entre hombres y mujeres para dialogar con cada municipio en la b\u00fasqueda de resolver el c\u00f3mo garantizar y generar esas condiciones de participaci\u00f3n igualitaria.<\/p>\n\n\n\n<p>PROPUESTA EN CONGRESO<\/p>\n\n\n\n<p>Recientemente, diputadas del grupo parlamentario de Morena presentaron una iniciativa con proyecto de decreto para reformar Transitorio Tercero del Decreto 1511, por el que en el a\u00f1o 2020 se reformaron diversas disposiciones en la Ley de Instituciones y Procedimientos Electorales del Estado de Oaxaca en materia de paridad que prevenci\u00f3n atenci\u00f3n sanci\u00f3n y erradicaci\u00f3n de la violencia pol\u00edtica en raz\u00f3n de g\u00e9nero.<\/p>\n\n\n\n<p>La iniciativa, expuesta por Yesenia Nolasco Ram\u00edrez, Hayde\u00e9 Irma Reyes Soto y Nancy Natalia Benitez Z\u00e1ratez, desea prolongar el plazo para establecer la paridad de g\u00e9nero en todos los ayuntamientos del SNI, como lo establece el IEEPCO para el 2023.<\/p>\n\n\n\n<p>Entre las justificantes, apuntan que\u201d una persona sin distinci\u00f3n de g\u00e9nero puede ocupar un cargo de elecci\u00f3n popular debido con base a haber pasado por los cargos internos de la comunidad, por lo que resulta complicado que exista una integraci\u00f3n paritaria si generalmente existe una mayor cantidad de hombres\u201d.<\/p>\n\n\n\n<p>Critican que el Consejo General del IEEPCO &nbsp;ha calificado como no v\u00e1lidas diversas elecciones por no haber cumplido con el principio de paridad de g\u00e9nero en la conformidad del cabildo y los cargos a elegir dentro de la elecci\u00f3n, como lo dispone actualmente el Tercer Transitorio del cual se proponen su modificaci\u00f3n.<br>Pues el Decreto 1511 establece que la totalidad de los ayuntamientos que se rigen electoralmente por Sistemas Normativos Ind\u00edgenas deber\u00e1n contar con una integraci\u00f3n paritaria de forma total en el a\u00f1o 2023.<\/p>\n\n\n\n<p>Las diputadas consideran que existe \u201cuna colisi\u00f3n entre los principios de paridad de g\u00e9nero y libre determinaci\u00f3n de las comunidades ind\u00edgenas\u201d. Por lo que su reforma propone una coexistencia dentro del mismo sistema jur\u00eddico.<br>\u201cResulta inveros\u00edmil que la totalidad de las comunidades que cuentan con un propio sistema de organizaci\u00f3n puedan realizar un cambio en su forma de gobierno y elecci\u00f3n en cinco a\u00f1os mientras que su sistema normativo data desde el asentamiento de los pueblos\u201d, justifican las diputadas, ante el plazo del 2019 a 2023 con el que se contaba.<\/p>\n\n\n\n<p>\u201cResulta desproporcionado que establezca un plazo tan corto de cumplimiento de un principio de forma tajante sobre comunidades que deben llevar a cabo diversos actos para poder formar parte de la autoridad correspondiente\u201d, sostuvieron en el planteamiento entregado el pasado 6 de septiembre.<\/p>\n","protected":false},"excerpt":{"rendered":"<p>Yuridiana Sosa\/Zona Roja. Oaxaca de Ju\u00e1rez, Oax., 22 de septiembre de 2022.- La Red de&hellip;<\/p>\n","protected":false},"author":2,"featured_media":12191,"comment_status":"closed","ping_status":"open","sticky":false,"template":"","format":"standard","meta":{"_lmt_disableupdate":"","_lmt_disable":"","_jetpack_memberships_contains_paid_content":false,"footnotes":""},"categories":[109,47],"tags":[2743],"class_list":["post-46046","post","type-post","status-publish","format-standard","has-post-thumbnail","hentry","category-minuto-a-minuto","category-zona-gris","tag-65-legislatura-del-estado-de-oaxaca"],"jetpack_featured_media_url":"https:\/\/zonaroja.com.mx\/wp-content\/uploads\/2020\/05\/IMG_9380.png","jetpack_sharing_enabled":true,"_links":{"self":[{"href":"https:\/\/zonaroja.com.mx\/index.php?rest_route=\/wp\/v2\/posts\/46046","targetHints":{"allow":["GET"]}}],"collection":[{"href":"https:\/\/zonaroja.com.mx\/index.php?rest_route=\/wp\/v2\/posts"}],"about":[{"href":"https:\/\/zonaroja.com.mx\/index.php?rest_route=\/wp\/v2\/types\/post"}],"author":[{"embeddable":true,"href":"https:\/\/zonaroja.com.mx\/index.php?rest_route=\/wp\/v2\/users\/2"}],"replies":[{"embeddable":true,"href":"https:\/\/zonaroja.com.mx\/index.php?rest_route=%2Fwp%2Fv2%2Fcomments&post=46046"}],"version-history":[{"count":3,"href":"https:\/\/zonaroja.com.mx\/index.php?rest_route=\/wp\/v2\/posts\/46046\/revisions"}],"predecessor-version":[{"id":46083,"href":"https:\/\/zonaroja.com.mx\/index.php?rest_route=\/wp\/v2\/posts\/46046\/revisions\/46083"}],"wp:featuredmedia":[{"embeddable":true,"href":"https:\/\/zonaroja.com.mx\/index.php?rest_route=\/wp\/v2\/media\/12191"}],"wp:attachment":[{"href":"https:\/\/zonaroja.com.mx\/index.php?rest_route=%2Fwp%2Fv2%2Fmedia&parent=46046"}],"wp:term":[{"taxonomy":"category","embeddable":true,"href":"https:\/\/zonaroja.com.mx\/index.php?rest_route=%2Fwp%2Fv2%2Fcategories&post=46046"},{"taxonomy":"post_tag","embeddable":true,"href":"https:\/\/zonaroja.com.mx\/index.php?rest_route=%2Fwp%2Fv2%2Ftags&post=46046"}],"curies":[{"name":"wp","href":"https:\/\/api.w.org\/{rel}","templated":true}]}}