{"id":46048,"date":"2022-09-21T07:23:20","date_gmt":"2022-09-21T12:23:20","guid":{"rendered":"http:\/\/www.zonaroja.com.mx\/?p=46048"},"modified":"2022-09-21T07:23:21","modified_gmt":"2022-09-21T12:23:21","slug":"un-muerto-y-una-veintena-de-lesionados-saldo-de-accidente-de-guardia-nacional","status":"publish","type":"post","link":"https:\/\/zonaroja.com.mx\/?p=46048","title":{"rendered":"Un muerto y una veintena de lesionados, saldo de accidente de Guardia Nacional"},"content":{"rendered":"\n<p>Redacci\u00f3n\/Zona Roja.<\/p>\n\n\n\n<p>Oaxaca de Ju\u00e1rez, Oax., a 21 de septiembre de 2022.- Una persona fallecida, del sexo femenino, y al menos una docena de lesionados, es el saldo de un accidente ocurrido de un cami\u00f3n de la Guardia Nacional en Oaxaca.<\/p>\n\n\n\n<p>El percance sucedi\u00f3 anoche en la supercarretera Oaxaca-Cuacnopalan, a la altura del kil\u00f3metro 210, cerca de la caseta de peaje de Huitzo.<\/p>\n\n\n\n<p>Presuntamente la unidad de motor tipo Kodiac fue impactada por un tr\u00e1iler cargado de madera, lo que origin\u00f3 el saldo fatal.<\/p>\n\n\n\n<p>Diversas ambulancias as\u00ed como un helic\u00f3ptero oficial acudieron a brindar los apoyos requeridos; los primeros lesionados fueron trasladados a la capital del estado a bordo de un veh\u00edculo particular, y alcanzados por una ambulancia en jurisdicci\u00f3n de la agencia de Santa Rosa Panzacola.<\/p>\n\n\n\n<p>En el hospital militar, ubicado en Santa Maria Ixcotel, perdi\u00f3 la vida una elemento de dicha corporaci\u00f3n, ahora asignada a la Secretar\u00eda de la Defensa Nacional, y fue identificada como Cynthia Elizabeth Cant\u00fa Calvario.<\/p>\n\n\n\n<p>Entre los lesionados, de acuerdo con una lista difundida, se encuentran el conductor del veh\u00edculo, Antonio Anaya Noyola, as\u00ed como Lorena Vasquez Jim\u00e9nez, Blanca Elizabeth Maya Garc\u00eda, Mois\u00e9s Antolin Ram\u00edrez Salazar Jimena Ramos Gonz\u00e1lez, Jorge Sim\u00f3n Ch\u00e1vez Espinoza.<\/p>\n\n\n\n<p>Joaqu\u00edn Garc\u00eda Mendoza, Julio C\u00e9sar Pacheco S\u00e1nchez, V\u00edctor Manuel M\u00e9ndez S\u00e1nchez, Alex rubicel Hern\u00e1ndez P\u00e9rez, Mar\u00eda de Jes\u00fas Rosas Antonio, Lorena V\u00e1zquez Jim\u00e9nez, Ausencia Venancio Casiano, Mois\u00e9s Antonio Ram\u00edrez Salazar Abril Gonz\u00e1lez Reyes, Nahum Eduardo Contreras Zaragoza.<\/p>\n\n\n\n<p>Rogelio V\u00e1zquez Reyes, Miguel \u00c1ngel Vallarta Cruz, Daniel S\u00e1nchez Salazar, Jes\u00fas Enrique Pachuca Mendoza, entre otros.<\/p>\n\n\n\n<p>La unidad de la Guardia Nacional proced\u00eda de la Ciudad de M\u00e9xico con rumbo a Oaxaca, tras haber participado en el desfile del 16 de septiembre, con motivo del aniversario del inicio de la Independencia.<\/p>\n\n\n\n<figure class=\"wp-block-embed is-type-rich is-provider-twitter wp-block-embed-twitter\"><div class=\"wp-block-embed__wrapper\">\n<div class=\"twitter-tweet\"><blockquote class=\"twitter-tweet\" data-lang=\"es\"><p lang=\"es\" dir=\"ltr\"><a href=\"https:\/\/twitter.com\/hashtag\/%C3%9AltimoMinuto?src=hash&amp;ref_src=twsrc%5Etfw\">#\u00daltimoMinuto<\/a> <br>Una persona fallecida y una veintena con lesiones diversas, es el saldo preliminar de un accidente de un cami\u00f3n tipo Kodiak de la <a href=\"https:\/\/twitter.com\/GN_MEXICO_?ref_src=twsrc%5Etfw\">@GN_MEXICO_<\/a> con un tr\u00e1iler, en la supercarretera Oaxaca-Cuacnopalan, a la altura del kil\u00f3metro 210. <a href=\"https:\/\/t.co\/ML9HeiL7Qj\">pic.twitter.com\/ML9HeiL7Qj<\/a><\/p>&mdash; Zona Roja Oaxaca (@ZonaRoja_Oaxaca) <a href=\"https:\/\/twitter.com\/ZonaRoja_Oaxaca\/status\/1572429263718039553?ref_src=twsrc%5Etfw\">21 de septiembre de 2022<\/a><\/blockquote><\/div>\n<\/div><\/figure>\n","protected":false},"excerpt":{"rendered":"<p>Redacci\u00f3n\/Zona Roja. Oaxaca de Ju\u00e1rez, Oax., a 21 de septiembre de 2022.- Una persona fallecida,&hellip;<\/p>\n","protected":false},"author":2,"featured_media":46049,"comment_status":"closed","ping_status":"open","sticky":false,"template":"","format":"standard","meta":{"_lmt_disableupdate":"","_lmt_disable":"","_jetpack_memberships_contains_paid_content":false,"footnotes":""},"categories":[109,47],"tags":[774],"class_list":["post-46048","post","type-post","status-publish","format-standard","has-post-thumbnail","hentry","category-minuto-a-minuto","category-zona-gris","tag-guardia-nacional-oaxaca"],"jetpack_featured_media_url":"https:\/\/zonaroja.com.mx\/wp-content\/uploads\/2022\/09\/Accidente-Guardia-Nacional-Oaxaca.jpg","jetpack_sharing_enabled":true,"_links":{"self":[{"href":"https:\/\/zonaroja.com.mx\/index.php?rest_route=\/wp\/v2\/posts\/46048","targetHints":{"allow":["GET"]}}],"collection":[{"href":"https:\/\/zonaroja.com.mx\/index.php?rest_route=\/wp\/v2\/posts"}],"about":[{"href":"https:\/\/zonaroja.com.mx\/index.php?rest_route=\/wp\/v2\/types\/post"}],"author":[{"embeddable":true,"href":"https:\/\/zonaroja.com.mx\/index.php?rest_route=\/wp\/v2\/users\/2"}],"replies":[{"embeddable":true,"href":"https:\/\/zonaroja.com.mx\/index.php?rest_route=%2Fwp%2Fv2%2Fcomments&post=46048"}],"version-history":[{"count":1,"href":"https:\/\/zonaroja.com.mx\/index.php?rest_route=\/wp\/v2\/posts\/46048\/revisions"}],"predecessor-version":[{"id":46050,"href":"https:\/\/zonaroja.com.mx\/index.php?rest_route=\/wp\/v2\/posts\/46048\/revisions\/46050"}],"wp:featuredmedia":[{"embeddable":true,"href":"https:\/\/zonaroja.com.mx\/index.php?rest_route=\/wp\/v2\/media\/46049"}],"wp:attachment":[{"href":"https:\/\/zonaroja.com.mx\/index.php?rest_route=%2Fwp%2Fv2%2Fmedia&parent=46048"}],"wp:term":[{"taxonomy":"category","embeddable":true,"href":"https:\/\/zonaroja.com.mx\/index.php?rest_route=%2Fwp%2Fv2%2Fcategories&post=46048"},{"taxonomy":"post_tag","embeddable":true,"href":"https:\/\/zonaroja.com.mx\/index.php?rest_route=%2Fwp%2Fv2%2Ftags&post=46048"}],"curies":[{"name":"wp","href":"https:\/\/api.w.org\/{rel}","templated":true}]}}