{"id":46052,"date":"2022-09-21T14:04:04","date_gmt":"2022-09-21T19:04:04","guid":{"rendered":"https:\/\/www.zonaroja.com.mx\/?p=46052"},"modified":"2022-09-21T18:56:16","modified_gmt":"2022-09-21T23:56:16","slug":"mantiene-santa-lucia-del-camino-lucha-frontal-vs-delincuencia-detienen-a-dos","status":"publish","type":"post","link":"https:\/\/zonaroja.com.mx\/?p=46052","title":{"rendered":"Mantiene Santa Luc\u00eda del Camino lucha frontal vs delincuencia; detienen a dos"},"content":{"rendered":"\n<p>Redacci\u00f3n\/Zona Roja. <\/p>\n\n\n\n<p>Oaxaca de Ju\u00e1rez, Oax., a 21 de septiembre de 2022.- Como parte de la estrategia de seguridad, el ayuntamiento de Santa Luc\u00eda del Camino, a trav\u00e9s de la Direcci\u00f3n de Seguridad Municipal, implement\u00f3 un filtro preventivo para la inspecci\u00f3n de unidades de motor en la avenida L\u00e1zaro C\u00e1rdenas de la cabecera municipal.<\/p>\n\n\n\n<p>Durante sus trabajos preventivos, polic\u00edas municipales marcaron el alto a una motocicleta marca Yamaha de color gris con negro, la cual era conducida por un hombre que se identific\u00f3 como Reinaldo B. M., de 39 a\u00f1os de edad.<\/p>\n\n\n\n<p>Al efectuar la inspecci\u00f3n correspondiente, los elementos de seguridad de Santa Luc\u00eda del Camino descubrieron entre sus prendas una bolsa transparente, que conten\u00eda granos de diferentes tama\u00f1os, con caracter\u00edsticas propias a la droga conocida como cristal.<br>Igualmente, se le detect\u00f3 una cartera de color negro, en donde conten\u00eda la cantidad de siete mil 950 pesos mexicanos, en billetes de diferente denominaci\u00f3n.<\/p>\n\n\n\n<p>Por lo que la Polic\u00eda Municipal de Santa Luc\u00eda del Camino efectu\u00f3 la detenci\u00f3n de Reinaldo B. M., como presunto responsable de delitos contra la salud, al tiempo que se asegur\u00f3 la motocicleta en la que viajaba.<br>Tanto la unidad de motor como el detenido, fueron puestos a disposici\u00f3n de la Fiscal\u00eda General de la Rep\u00fablica (FGR) para el proceso correspondiente.&nbsp;<\/p>\n\n\n\n<p>Por su parte, el presidente municipal de Santa Luc\u00eda del Camino, Juan Carlos Garc\u00eda M\u00e1rquez, remarc\u00f3 que en su administraci\u00f3n no habr\u00e1 tolerancia para los delincuentes, por lo que todos los d\u00edas se trabaja para brindarle a la ciudadan\u00eda el bienestar y la paz que merece.<\/p>\n\n\n\n<p>OTRO DETENIDO<\/p>\n\n\n\n<p>Por otra parte, durante los recorridos de vigilancia y operativos y filtros de seguridad que realiza la Polic\u00eda Vial y la Polic\u00eda Municipal del ayuntamiento de Santa Luc\u00eda del Camino, se logr\u00f3 la detenci\u00f3n de una persona, por la portaci\u00f3n ilegal de un arma de fuego; adem\u00e1s de asegurar un veh\u00edculo. <br>Los hechos ocurrieron en la avenida Ferrocarril, esquina La Raya de la cabecera municipal, donde los elementos de vialidad, en coordinaci\u00f3n con la Polic\u00eda Municipal, procedieron a la inspecci\u00f3n de un autom\u00f3vil marca Chevrolet, tipo Chevy, de color morado y rosa.<\/p>\n\n\n\n<p>La mencionada unidad de motor, era conducida por el ciudadano identificado como Juan Ranulfo A. V., de 40 a\u00f1os de edad, vecino de San Bartolo Coyotepec y quien se neg\u00f3 a descender del autom\u00f3vil antes mencionado.<\/p>\n\n\n\n<p>Tras proceder con la inspecci\u00f3n correspondiente, los polic\u00edas viales municipales detectaron la presencia de una pistola calibre 9 mil\u00edmetros debajo de la pierna derecha del conductor, por lo que los elementos le preguntaron si contaba con el permiso necesario para la portaci\u00f3n y uso del arma de fuego localizada.<\/p>\n\n\n\n<p>Ante la negativa del sujeto, se procedi\u00f3 a la detenci\u00f3n de Juan A. V., al tiempo que se asegur\u00f3 el veh\u00edculo y se traslad\u00f3 al encierro municipal. <\/p>\n\n\n\n<p>Cabe destacar que el hombre iba acompa\u00f1ado por otro sujeto identificado como Daniel G. L., de 35 a\u00f1os de edad, quien tambi\u00e9n fue puesto a disposici\u00f3n de la Fiscal\u00eda General del Estado de Oaxaca (FGEO) para el proceso correspondiente.<\/p>\n","protected":false},"excerpt":{"rendered":"<p>Redacci\u00f3n\/Zona Roja. Oaxaca de Ju\u00e1rez, Oax., a 21 de septiembre de 2022.- Como parte de&hellip;<\/p>\n","protected":false},"author":2,"featured_media":46051,"comment_status":"closed","ping_status":"open","sticky":false,"template":"","format":"standard","meta":{"_lmt_disableupdate":"","_lmt_disable":"","_jetpack_memberships_contains_paid_content":false,"footnotes":""},"categories":[109,46],"tags":[337],"class_list":["post-46052","post","type-post","status-publish","format-standard","has-post-thumbnail","hentry","category-minuto-a-minuto","category-zona-blanca","tag-santa-lucia-del-camino"],"jetpack_featured_media_url":"https:\/\/zonaroja.com.mx\/wp-content\/uploads\/2022\/09\/9187f75e-b4d8-483c-a6cb-8c11d9f13d9a.jpg","jetpack_sharing_enabled":true,"_links":{"self":[{"href":"https:\/\/zonaroja.com.mx\/index.php?rest_route=\/wp\/v2\/posts\/46052","targetHints":{"allow":["GET"]}}],"collection":[{"href":"https:\/\/zonaroja.com.mx\/index.php?rest_route=\/wp\/v2\/posts"}],"about":[{"href":"https:\/\/zonaroja.com.mx\/index.php?rest_route=\/wp\/v2\/types\/post"}],"author":[{"embeddable":true,"href":"https:\/\/zonaroja.com.mx\/index.php?rest_route=\/wp\/v2\/users\/2"}],"replies":[{"embeddable":true,"href":"https:\/\/zonaroja.com.mx\/index.php?rest_route=%2Fwp%2Fv2%2Fcomments&post=46052"}],"version-history":[{"count":2,"href":"https:\/\/zonaroja.com.mx\/index.php?rest_route=\/wp\/v2\/posts\/46052\/revisions"}],"predecessor-version":[{"id":46062,"href":"https:\/\/zonaroja.com.mx\/index.php?rest_route=\/wp\/v2\/posts\/46052\/revisions\/46062"}],"wp:featuredmedia":[{"embeddable":true,"href":"https:\/\/zonaroja.com.mx\/index.php?rest_route=\/wp\/v2\/media\/46051"}],"wp:attachment":[{"href":"https:\/\/zonaroja.com.mx\/index.php?rest_route=%2Fwp%2Fv2%2Fmedia&parent=46052"}],"wp:term":[{"taxonomy":"category","embeddable":true,"href":"https:\/\/zonaroja.com.mx\/index.php?rest_route=%2Fwp%2Fv2%2Fcategories&post=46052"},{"taxonomy":"post_tag","embeddable":true,"href":"https:\/\/zonaroja.com.mx\/index.php?rest_route=%2Fwp%2Fv2%2Ftags&post=46052"}],"curies":[{"name":"wp","href":"https:\/\/api.w.org\/{rel}","templated":true}]}}