{"id":46055,"date":"2022-09-21T15:20:57","date_gmt":"2022-09-21T20:20:57","guid":{"rendered":"https:\/\/www.zonaroja.com.mx\/?p=46055"},"modified":"2022-09-21T15:23:41","modified_gmt":"2022-09-21T20:23:41","slug":"miercoles-rojo-en-oaxaca-5-ejecutados-este-miercoles-uno-en-la-capital","status":"publish","type":"post","link":"https:\/\/zonaroja.com.mx\/?p=46055","title":{"rendered":"Mi\u00e9rcoles rojo en Oaxaca: 5 ejecutados este mi\u00e9rcoles, uno en la capital"},"content":{"rendered":"\n<p>Redacci\u00f3n\/Zona Roja.<\/p>\n\n\n\n<p>Oaxaca de Ju\u00e1rez, 21 de septiembre de 2022.- Una intensa jornada violenta se vivi\u00f3 en menos de cinco horas la ma\u00f1ana de&nbsp;este mi\u00e9rcoles&nbsp;en Oaxaca, con el registro de cinco homicidios en las regiones de Valles Centrales, Costa e Istmo.&nbsp;<\/p>\n\n\n\n<p>En pleno Centro Hist\u00f3rico de la capital, un presunto asaltante que iba a bordo de su motocicleta fue atacado con varios disparos de arma de fuego.&nbsp;<\/p>\n\n\n\n<p>La fatal agresi\u00f3n se registr\u00f3 poco antes&nbsp;de las 13:00&nbsp;horas en la calle Morelos entre Macedonio Alcal\u00e1 y Garc\u00eda Vigil. Junto a la v\u00edctima se localizaron tres casquillos percutidos.&nbsp;<\/p>\n\n\n\n<p>Por algunos minutos, param\u00e9dicos de la Cruz Roja Mexicana realizaron labores para reanimarlo, pero el var\u00f3n muri\u00f3 en el lugar; minutos despu\u00e9s, elementos de la Polic\u00eda Estatal y la Agencia Estatal de Investigaciones acordonaron el \u00e1rea.&nbsp;<\/p>\n\n\n\n<p>De acuerdo a informaci\u00f3n oficial, la v\u00edctima era un presunto delincuente, quien minutos antes habr\u00eda asaltado junto a otras dos personas a un empresario.<\/p>\n\n\n\n<p>La escolta del empresario, a bordo de un veh\u00edculo, habr\u00eda dado alcance al ladr\u00f3n para disparar y despu\u00e9s huir del lugar.&nbsp;<\/p>\n\n\n\n<p>Mientras que los otros dos asaltantes tambi\u00e9n huyeron con el mot\u00edn, del cual a\u00fan se desconoce la cantidad. La v\u00edctima fue identificada de manera preliminar como Luis Tadeo R. H., originario de Tlaxcala.<\/p>\n\n\n\n<figure class=\"wp-block-embed\"><div class=\"wp-block-embed__wrapper\">\n<div class=\"twitter-tweet\"><blockquote class=\"twitter-tweet\" data-lang=\"es\"><p lang=\"es\" dir=\"ltr\"><a href=\"https:\/\/twitter.com\/hashtag\/%C3%9AltimoMinuto?src=hash&amp;ref_src=twsrc%5Etfw\">#\u00daltimoMinuto<\/a> <br>Confirman que la persona baleada en el Centro Hist\u00f3rico de la ciudad de Oaxaca ya muri\u00f3. <br>Fue en la calle de Morelos, entre Alcal\u00e1 y Garc\u00eda Vigil. <br>\u00bfY las acciones de seguridad del edil <a href=\"https:\/\/twitter.com\/FMartinezNeri?ref_src=twsrc%5Etfw\">@FMartinezNeri<\/a> y del titular del <a href=\"https:\/\/twitter.com\/MunicipioSeguro?ref_src=twsrc%5Etfw\">@MunicipioSeguro<\/a>, Ra\u00fal \u00c1vila? <a href=\"https:\/\/t.co\/EBEWhMDH8e\">pic.twitter.com\/EBEWhMDH8e<\/a><\/p>&mdash; Zona Roja Oaxaca (@ZonaRoja_Oaxaca) <a href=\"https:\/\/twitter.com\/ZonaRoja_Oaxaca\/status\/1572654540360384512?ref_src=twsrc%5Etfw\">21 de septiembre de 2022<\/a><\/blockquote><\/div>\n<\/div><\/figure>\n\n\n\n<p>M\u00c1S HECHOS&nbsp;<\/p>\n\n\n\n<p>Minutos antes, reportes policiales indicaron sobre la ejecuci\u00f3n de un hombre en la comunidad de Taniche, del municipio de Ejutla de Crespo.&nbsp;<\/p>\n\n\n\n<p>La v\u00edctima fue identificada como Mauro P., presuntamente hermano del ex presidente municipal Pedro Peralta Espino, quien el pasado 20 de agosto de este a\u00f1o tambi\u00e9n fue atacado a balazos.&nbsp;<\/p>\n\n\n\n<p>En tanto que durante la ma\u00f1ana, en Santa Luc\u00eda del Camino, conurbado a la capital, se registr\u00f3 el hallazgo del cuerpo de un hombre en la ribera del r\u00edo \u201cSalado\u201d.<\/p>\n\n\n\n<p>La v\u00edctima, de aproximadamente 25 a\u00f1os, presentaba huellas de tortura y se encontraba atado de pies y manos.&nbsp;De manera preliminar se inform\u00f3 que fue ejecutado en otro sitio y tirado en Santa Luc\u00eda.&nbsp;<\/p>\n\n\n\n<p>Al lugar lleg\u00f3 personal de la Fiscal\u00eda General de Oaxaca para realizar las diligencias correspondientes.&nbsp;<\/p>\n\n\n\n<p>Por otra parte, en la regi\u00f3n del Istmo, en el municipio de Juchit\u00e1n de Zaragoza se localiz\u00f3 el cuerpo sin vida de un var\u00f3n en el camino de terracer\u00eda al costado de la escuela Secundar\u00eda 103, en la S\u00e9ptima Secci\u00f3n de la localidad.<\/p>\n\n\n\n<p>Reportes policiales indicaron que la v\u00edctima contaba con impactos de arma de fuego y durante las primeras diligencias no fue posible identificarlo.&nbsp;<\/p>\n\n\n\n<p>En la regi\u00f3n de la Costa, un comerciante fue ejecutado en su establecimiento ubicado en la periferia de Puerto Escondido, tramo Puerto Escondido &#8211; San Pedro Mixtepec.<\/p>\n\n\n\n<p>De acuerdo a los primeros reportes, dos sujetos ingresaron con un veh\u00edculo a la granja de pollos, de la que era due\u00f1o la v\u00edctima, a quien dispararon en repetidas ocasiones sin mediar palabra.&nbsp; El occiso fue identificado como Guadalupe S.N. de 63 a\u00f1os de edad.&nbsp;<\/p>\n\n\n\n<p> <\/p>\n","protected":false},"excerpt":{"rendered":"<p>Redacci\u00f3n\/Zona Roja. Oaxaca de Ju\u00e1rez, 21 de septiembre de 2022.- Una intensa jornada violenta se&hellip;<\/p>\n","protected":false},"author":2,"featured_media":46054,"comment_status":"closed","ping_status":"open","sticky":false,"template":"","format":"standard","meta":{"_lmt_disableupdate":"","_lmt_disable":"","_jetpack_memberships_contains_paid_content":false,"footnotes":""},"categories":[109,51],"tags":[],"class_list":["post-46055","post","type-post","status-publish","format-standard","has-post-thumbnail","hentry","category-minuto-a-minuto","category-zona-roja"],"jetpack_featured_media_url":"https:\/\/zonaroja.com.mx\/wp-content\/uploads\/2022\/09\/322e6c9d-d0ca-44d3-b9b6-a9cb27a05de1.jpg","jetpack_sharing_enabled":true,"_links":{"self":[{"href":"https:\/\/zonaroja.com.mx\/index.php?rest_route=\/wp\/v2\/posts\/46055","targetHints":{"allow":["GET"]}}],"collection":[{"href":"https:\/\/zonaroja.com.mx\/index.php?rest_route=\/wp\/v2\/posts"}],"about":[{"href":"https:\/\/zonaroja.com.mx\/index.php?rest_route=\/wp\/v2\/types\/post"}],"author":[{"embeddable":true,"href":"https:\/\/zonaroja.com.mx\/index.php?rest_route=\/wp\/v2\/users\/2"}],"replies":[{"embeddable":true,"href":"https:\/\/zonaroja.com.mx\/index.php?rest_route=%2Fwp%2Fv2%2Fcomments&post=46055"}],"version-history":[{"count":1,"href":"https:\/\/zonaroja.com.mx\/index.php?rest_route=\/wp\/v2\/posts\/46055\/revisions"}],"predecessor-version":[{"id":46056,"href":"https:\/\/zonaroja.com.mx\/index.php?rest_route=\/wp\/v2\/posts\/46055\/revisions\/46056"}],"wp:featuredmedia":[{"embeddable":true,"href":"https:\/\/zonaroja.com.mx\/index.php?rest_route=\/wp\/v2\/media\/46054"}],"wp:attachment":[{"href":"https:\/\/zonaroja.com.mx\/index.php?rest_route=%2Fwp%2Fv2%2Fmedia&parent=46055"}],"wp:term":[{"taxonomy":"category","embeddable":true,"href":"https:\/\/zonaroja.com.mx\/index.php?rest_route=%2Fwp%2Fv2%2Fcategories&post=46055"},{"taxonomy":"post_tag","embeddable":true,"href":"https:\/\/zonaroja.com.mx\/index.php?rest_route=%2Fwp%2Fv2%2Ftags&post=46055"}],"curies":[{"name":"wp","href":"https:\/\/api.w.org\/{rel}","templated":true}]}}