{"id":46058,"date":"2022-09-21T18:10:50","date_gmt":"2022-09-21T23:10:50","guid":{"rendered":"https:\/\/www.zonaroja.com.mx\/?p=46058"},"modified":"2022-09-21T19:30:38","modified_gmt":"2022-09-22T00:30:38","slug":"azuza-frp-retencion-de-10-personas-en-ozumacin-esposas-inician-huelga-de-hambre","status":"publish","type":"post","link":"https:\/\/zonaroja.com.mx\/?p=46058","title":{"rendered":"Azuza FPR retenci\u00f3n de 10 personas en Ozumac\u00edn; esposas inician huelga de hambre"},"content":{"rendered":"\n<p>Yuridiana Sosa\/ Zona Roja.<\/p>\n\n\n\n<p>Oaxaca de Ju\u00e1rez, Oax., a 21 de septiembre de 2022.- Desde hace 20 d\u00edas, la Secretar\u00eda General de Gobierno no ha logrado la liberaci\u00f3n de 10 pobladores de Santiago Progreso, Valle Nacional, retenidos en San Pedro Ozumacin, Ayotzintepec, en la Cuenca, por lo que cuatro esposas de los afectados iniciaron una huelga de hambre en la capital del estado.<\/p>\n\n\n\n<p>Las familias afectadas, en voz de Viridiana Luna P\u00e9rez y Constantino Santiago Cruz, se\u00f1alaron en conferencia de prensa en la capital que el conflicto que ahora se torna a ser agrario, es azuzado por la organizaci\u00f3n Frente Popular Revolucionario (FPR) que lidera en la zona Efra\u00edn Esteban Hern\u00e1ndez<\/p>\n\n\n\n<p>El l\u00edder del FPR quien por medio de sus vecinos de Ozumac\u00edn comete, presuntamente, actos de represi\u00f3n luego que la comunidad de Santiago Progreso se retir\u00f3 de la organizaci\u00f3n, pues nunca antes se hab\u00eda registrado problemas entre ambas poblaciones, que a pesar de pertenecer a municipio diferentes comparten un mismo n\u00facleo ejidal, apuntaron.<\/p>\n\n\n\n<p>Desesperados por obtener la liberaci\u00f3n de los 10 habitantes ind\u00edgenas, Paula, Natalia Hern\u00e1ndez, Adriana Mart\u00ednez y Nancy, iniciaron una huelga de hambre a puerta del Palacio de Gobierno, en la capital del estado.<\/p>\n\n\n\n<p>Las mujeres exigen una mesa de di\u00e1logo con el gobernador Alejandro Murat, pues desde la Segego no se ha logrado ning\u00fan avance, e incluso, se\u00f1alan que la Defensor\u00eda P\u00fablica del Gobierno Estatal apoya y asesora a los habitantes de Ozumacin.<\/p>\n\n\n\n<p>De la misma forma, demandaron a la Fiscal\u00eda General de Oaxaca a liberar \u00f3rdenes de aprehensi\u00f3n contras las autoridades municipales y ejidatarias que citaron y encarcelaron en su comunidad a los 10 hombres.&nbsp;<\/p>\n\n\n\n<p>&nbsp;Viridiana Luna P\u00e9rez apunt\u00f3 que desde hace 20 d\u00edas no tiene contacto con sus familiares, que desconocen su estado de salud, y preocupa las condiciones insalubres en las que se encuentran encarcelados en las instalaciones de la agencia de San Pedro Ozumacin.&nbsp;<\/p>\n\n\n\n<p>\u201cEl gobierno permite los atropellos a los derechos humanos\u201d, apuntaron al sostener que la retenci\u00f3n es ilegal, adem\u00e1s que los habitantes de Valle Nacional no cometieron ning\u00fan delito. <\/p>\n\n\n\n<figure class=\"wp-block-embed is-type-rich is-provider-twitter wp-block-embed-twitter\"><div class=\"wp-block-embed__wrapper\">\n<div class=\"twitter-tweet\"><blockquote class=\"twitter-tweet\" data-lang=\"es\"><p lang=\"es\" dir=\"ltr\"><a href=\"https:\/\/twitter.com\/hashtag\/ENVIVO?src=hash&amp;ref_src=twsrc%5Etfw\">#ENVIVO<\/a> <br>Oaxaca de Ju\u00e1rez, Oax.,  a 21 de septiembre de 2022.- Conferencia de prensa de familiares de retenidos de Santiago Progreso en San Pedro Ozumac\u00edn; a 20 d\u00edas, anuncian huelga de hambre de cuatro mujeres. <br>Transmisi\u00f3n \ud83d\udc47<a href=\"https:\/\/t.co\/YfE3dPIzwr\">https:\/\/t.co\/YfE3dPIzwr<\/a> <a href=\"https:\/\/t.co\/qbmr2d0dd3\">pic.twitter.com\/qbmr2d0dd3<\/a><\/p>&mdash; Zona Roja Oaxaca (@ZonaRoja_Oaxaca) <a href=\"https:\/\/twitter.com\/ZonaRoja_Oaxaca\/status\/1572620832484249600?ref_src=twsrc%5Etfw\">21 de septiembre de 2022<\/a><\/blockquote><\/div>\n<\/div><\/figure>\n","protected":false},"excerpt":{"rendered":"<p>Yuridiana Sosa\/ Zona Roja. Oaxaca de Ju\u00e1rez, Oax., a 21 de septiembre de 2022.- Desde&hellip;<\/p>\n","protected":false},"author":2,"featured_media":46060,"comment_status":"closed","ping_status":"open","sticky":false,"template":"","format":"standard","meta":{"_lmt_disableupdate":"","_lmt_disable":"","_jetpack_memberships_contains_paid_content":false,"footnotes":""},"categories":[109,47],"tags":[3260],"class_list":["post-46058","post","type-post","status-publish","format-standard","has-post-thumbnail","hentry","category-minuto-a-minuto","category-zona-gris","tag-santiago-progreso"],"jetpack_featured_media_url":"https:\/\/zonaroja.com.mx\/wp-content\/uploads\/2022\/09\/Conferencia-y-huelga-Santiago-Progreso-retenidos.jpg","jetpack_sharing_enabled":true,"_links":{"self":[{"href":"https:\/\/zonaroja.com.mx\/index.php?rest_route=\/wp\/v2\/posts\/46058","targetHints":{"allow":["GET"]}}],"collection":[{"href":"https:\/\/zonaroja.com.mx\/index.php?rest_route=\/wp\/v2\/posts"}],"about":[{"href":"https:\/\/zonaroja.com.mx\/index.php?rest_route=\/wp\/v2\/types\/post"}],"author":[{"embeddable":true,"href":"https:\/\/zonaroja.com.mx\/index.php?rest_route=\/wp\/v2\/users\/2"}],"replies":[{"embeddable":true,"href":"https:\/\/zonaroja.com.mx\/index.php?rest_route=%2Fwp%2Fv2%2Fcomments&post=46058"}],"version-history":[{"count":3,"href":"https:\/\/zonaroja.com.mx\/index.php?rest_route=\/wp\/v2\/posts\/46058\/revisions"}],"predecessor-version":[{"id":46066,"href":"https:\/\/zonaroja.com.mx\/index.php?rest_route=\/wp\/v2\/posts\/46058\/revisions\/46066"}],"wp:featuredmedia":[{"embeddable":true,"href":"https:\/\/zonaroja.com.mx\/index.php?rest_route=\/wp\/v2\/media\/46060"}],"wp:attachment":[{"href":"https:\/\/zonaroja.com.mx\/index.php?rest_route=%2Fwp%2Fv2%2Fmedia&parent=46058"}],"wp:term":[{"taxonomy":"category","embeddable":true,"href":"https:\/\/zonaroja.com.mx\/index.php?rest_route=%2Fwp%2Fv2%2Fcategories&post=46058"},{"taxonomy":"post_tag","embeddable":true,"href":"https:\/\/zonaroja.com.mx\/index.php?rest_route=%2Fwp%2Fv2%2Ftags&post=46058"}],"curies":[{"name":"wp","href":"https:\/\/api.w.org\/{rel}","templated":true}]}}