{"id":46063,"date":"2022-09-21T19:24:02","date_gmt":"2022-09-22T00:24:02","guid":{"rendered":"http:\/\/www.zonaroja.com.mx\/?p=46063"},"modified":"2022-09-21T19:24:03","modified_gmt":"2022-09-22T00:24:03","slug":"protesta-sector-de-transporte-turistico-de-oaxaca-ante-nuevas-concesiones","status":"publish","type":"post","link":"https:\/\/zonaroja.com.mx\/?p=46063","title":{"rendered":"Protesta sector de transporte tur\u00edstico de Oaxaca ante nuevas concesiones"},"content":{"rendered":"\n<p>Yuridiana Sosa\/Zona Roja.<\/p>\n\n\n\n<p>Oaxaca de Ju\u00e1rez, Oax., a 21septiembre de 2022.- Peque\u00f1os y medianos empresarios transportistas del sector tur\u00edstico de Oaxaca se manifestaron hoy con marcha y caravana en la capital y zona conurbada, contra la presunta incursi\u00f3n de la empresa ADO para ofrecer servicios tur\u00edsticos en la entidad.<\/p>\n\n\n\n<p>Integrados en el Frente Oaxaque\u00f1o para la Recuperaci\u00f3n Tur\u00edstica (Fortur), trabajadores a bordo de decenas de camionetas tipo Urvan, de distintas regiones de Oaxaca, se movilizaron en una caravana que recorri\u00f3 la periferia de la capital sobre la carretera federal 190, desde el crucero de Brenamiel en San Jacinto Amilpas, ingres\u00f3 al Centro Hist\u00f3rico de la ciudad capital y se desplaz\u00f3 hasta las instalaciones de la Secretar\u00eda de Comunicaciones y Transportes, en Santa Luc\u00eda del Camino.<\/p>\n\n\n\n<p>Los afectados se\u00f1alaron que el ayuntamiento de Oaxaca de Ju\u00e1rez otorg\u00f3 nuevos permisos para que una flotilla de camionetas de la empresa ADO presente los mismos servicios que las empresas locales, lo que representar\u00eda una competencia desequilibrada y p\u00e9rdidas para los peque\u00f1os y medianos empresarios de Oaxaca.<\/p>\n\n\n\n<p>\u201cLas mujeres gu\u00edas de turistas oaxaque\u00f1as estamos preparadas por la ley para dar a conocer el patrimonio nacional. Una m\u00e1quina de audio no nos va a sustitur. No al tour de la camionera de Primera\u201d, se lee en una de las mantas de protesta.<\/p>\n\n\n\n<p>En conferencia de prensa, desde el Centro Hist\u00f3rico donde hicieron una escala en su marcha, Ciro Villa Morales dijo que, de acuerdo a la informaci\u00f3n con la que cuentan, la empresa de nivel nacional consigui\u00f3 permisos para 35 puntos tur\u00edsticos y comenzar\u00eda a operar el 1 de enero de 2023.<\/p>\n\n\n\n<p>Esta situaci\u00f3n, apunt\u00f3, significa un nuevo problema para la nueva administraci\u00f3n estatal, pues el sector tur\u00edstico es el m\u00e1s importante para la zona de Valles Centrales y la Costa, adem\u00e1s de otros destinos importantes en las diferentes regiones.<\/p>\n","protected":false},"excerpt":{"rendered":"<p>Yuridiana Sosa\/Zona Roja. Oaxaca de Ju\u00e1rez, Oax., a 21septiembre de 2022.- Peque\u00f1os y medianos empresarios&hellip;<\/p>\n","protected":false},"author":2,"featured_media":46064,"comment_status":"closed","ping_status":"open","sticky":false,"template":"","format":"standard","meta":{"_lmt_disableupdate":"","_lmt_disable":"","_jetpack_memberships_contains_paid_content":false,"footnotes":""},"categories":[109,47],"tags":[],"class_list":["post-46063","post","type-post","status-publish","format-standard","has-post-thumbnail","hentry","category-minuto-a-minuto","category-zona-gris"],"jetpack_featured_media_url":"https:\/\/zonaroja.com.mx\/wp-content\/uploads\/2022\/09\/Protesta-transporte-turistico-ciudad-de-Oaxaca.jpg","jetpack_sharing_enabled":true,"_links":{"self":[{"href":"https:\/\/zonaroja.com.mx\/index.php?rest_route=\/wp\/v2\/posts\/46063","targetHints":{"allow":["GET"]}}],"collection":[{"href":"https:\/\/zonaroja.com.mx\/index.php?rest_route=\/wp\/v2\/posts"}],"about":[{"href":"https:\/\/zonaroja.com.mx\/index.php?rest_route=\/wp\/v2\/types\/post"}],"author":[{"embeddable":true,"href":"https:\/\/zonaroja.com.mx\/index.php?rest_route=\/wp\/v2\/users\/2"}],"replies":[{"embeddable":true,"href":"https:\/\/zonaroja.com.mx\/index.php?rest_route=%2Fwp%2Fv2%2Fcomments&post=46063"}],"version-history":[{"count":1,"href":"https:\/\/zonaroja.com.mx\/index.php?rest_route=\/wp\/v2\/posts\/46063\/revisions"}],"predecessor-version":[{"id":46065,"href":"https:\/\/zonaroja.com.mx\/index.php?rest_route=\/wp\/v2\/posts\/46063\/revisions\/46065"}],"wp:featuredmedia":[{"embeddable":true,"href":"https:\/\/zonaroja.com.mx\/index.php?rest_route=\/wp\/v2\/media\/46064"}],"wp:attachment":[{"href":"https:\/\/zonaroja.com.mx\/index.php?rest_route=%2Fwp%2Fv2%2Fmedia&parent=46063"}],"wp:term":[{"taxonomy":"category","embeddable":true,"href":"https:\/\/zonaroja.com.mx\/index.php?rest_route=%2Fwp%2Fv2%2Fcategories&post=46063"},{"taxonomy":"post_tag","embeddable":true,"href":"https:\/\/zonaroja.com.mx\/index.php?rest_route=%2Fwp%2Fv2%2Ftags&post=46063"}],"curies":[{"name":"wp","href":"https:\/\/api.w.org\/{rel}","templated":true}]}}