{"id":46067,"date":"2022-09-21T19:56:19","date_gmt":"2022-09-22T00:56:19","guid":{"rendered":"http:\/\/www.zonaroja.com.mx\/?p=46067"},"modified":"2022-09-21T19:56:20","modified_gmt":"2022-09-22T00:56:20","slug":"regresan-a-comisiones-dictamen-sobre-permanencia-del-ejercito-en-las-calles","status":"publish","type":"post","link":"https:\/\/zonaroja.com.mx\/?p=46067","title":{"rendered":"Regresan a comisiones dictamen sobre permanencia del Ej\u00e9rcito en las calles"},"content":{"rendered":"\n<p>Redacci\u00f3n\/Zona Roja Cdmx.<\/p>\n\n\n\n<p>Ciudad de M\u00e9xico, a 21 de septiembre de 2022.- Tras un largo debate, el pleno de la C\u00e1mara de Senadores aprob\u00f3 a mano alzada devolver a comisiones el decreto que reforma la Constituci\u00f3n para prorrogar la participaci\u00f3n de las Fuerzas Armadas en tareas de seguridad p\u00fablica hasta el 2028.<\/p>\n\n\n\n<p>La decisi\u00f3n se tom\u00f3 a partir de la petici\u00f3n expresa, por escrito, de la mayor\u00eda de integrantes de las comisiones unidas de Puntos Constitucionales y de Estudios Legislativos Segunda que hab\u00edan avalado ayer el dictamen.<\/p>\n\n\n\n<p>Durante la discusi\u00f3n, los senadores panistas y emecistas demandaron a voz en cuello no aplazar la votaci\u00f3n del dictamen.<\/p>\n\n\n\n<p>\u201cVotaci\u00f3n, votaci\u00f3n\u2026\u201d y \u201ca votar, a votar\u201d, arengaron. Los senadores se enfrascaron en una discusi\u00f3n sobre el tr\u00e1mite legislativo correspondiente, hasta que Alejandro Armenta, presidente de la Mesa Directiva en la C\u00e1mara Alta, determin\u00f3 someter la propuesta a votaci\u00f3n.<\/p>\n\n\n\n<p>En votaci\u00f3n econ\u00f3mica, fue evidente que la mayor\u00eda de senadores de Morena, PT, PVEM y PES se impuso a la oposici\u00f3n integrada por los del PAN, PRI, MC, PRD y senadores sin partido.<\/p>\n\n\n\n<p>De acuerdo con el Reglamento del Senado, todo decreto s\u00f3lo puede ser devuelto a comisiones para su revisi\u00f3n una sola vez.<\/p>\n\n\n\n<p>El argumento de la oposici\u00f3n consisti\u00f3 en que Morena y aliados decidieron no someter el dictamen a votaci\u00f3n este mismo mi\u00e9rcoles porque calcul\u00f3 que no alcanzar\u00eda a completar los votos requeridos.<\/p>\n\n\n\n<p>Y es que por tratarse de una enmienda constitucional, su aprobaci\u00f3n requiere del voto de las dos terceras partes de los senadores presentes.<\/p>\n\n\n\n<p>Este martes se registr\u00f3 la asistencia de 126 senadores por lo que se requer\u00eda del voto aprobatorio de 84.<\/p>\n\n\n\n<p>Morena y aliados solamente sumaban 75 votos, y aunque se rumoraba que ya hab\u00edan convencido a algunos senadores de la oposici\u00f3n, sobre todo del PRI, a votar a favor del decreto y que ya ten\u00edan asegurada la aprobaci\u00f3n, Ricardo Monreal, presidente de la Junta de Coordinaci\u00f3n Pol\u00edtica (JCP), opt\u00f3 por esperar.<\/p>\n\n\n\n<p>La reforma planteada por el PRI en la C\u00e1mara de Diputados y aprobada la semana pasada por la C\u00e1mara Baja, plantea modificar el primer p\u00e1rrafo y adiciona el p\u00e1rrafo tercero y cuarto del Art\u00edculo Quinto Transitorio del Decreto por el que se reforman, adicionan y derogan diversas disposiciones de la Constituci\u00f3n Pol\u00edtica en materia de la Guardia Nacional, publicado en el Diario Oficial de la Federaci\u00f3n el 26 de marzo de 2019.<\/p>\n\n\n\n<p>(Informaci\u00f3n de \u201cEl Economista\u201d)<\/p>\n","protected":false},"excerpt":{"rendered":"<p>Redacci\u00f3n\/Zona Roja Cdmx. Ciudad de M\u00e9xico, a 21 de septiembre de 2022.- Tras un largo&hellip;<\/p>\n","protected":false},"author":2,"featured_media":46068,"comment_status":"closed","ping_status":"open","sticky":false,"template":"","format":"standard","meta":{"_lmt_disableupdate":"","_lmt_disable":"","_jetpack_memberships_contains_paid_content":false,"footnotes":""},"categories":[109,47],"tags":[771],"class_list":["post-46067","post","type-post","status-publish","format-standard","has-post-thumbnail","hentry","category-minuto-a-minuto","category-zona-gris","tag-senado-de-la-republica"],"jetpack_featured_media_url":"https:\/\/zonaroja.com.mx\/wp-content\/uploads\/2022\/09\/Senado-sesion.webp","jetpack_sharing_enabled":true,"_links":{"self":[{"href":"https:\/\/zonaroja.com.mx\/index.php?rest_route=\/wp\/v2\/posts\/46067","targetHints":{"allow":["GET"]}}],"collection":[{"href":"https:\/\/zonaroja.com.mx\/index.php?rest_route=\/wp\/v2\/posts"}],"about":[{"href":"https:\/\/zonaroja.com.mx\/index.php?rest_route=\/wp\/v2\/types\/post"}],"author":[{"embeddable":true,"href":"https:\/\/zonaroja.com.mx\/index.php?rest_route=\/wp\/v2\/users\/2"}],"replies":[{"embeddable":true,"href":"https:\/\/zonaroja.com.mx\/index.php?rest_route=%2Fwp%2Fv2%2Fcomments&post=46067"}],"version-history":[{"count":1,"href":"https:\/\/zonaroja.com.mx\/index.php?rest_route=\/wp\/v2\/posts\/46067\/revisions"}],"predecessor-version":[{"id":46069,"href":"https:\/\/zonaroja.com.mx\/index.php?rest_route=\/wp\/v2\/posts\/46067\/revisions\/46069"}],"wp:featuredmedia":[{"embeddable":true,"href":"https:\/\/zonaroja.com.mx\/index.php?rest_route=\/wp\/v2\/media\/46068"}],"wp:attachment":[{"href":"https:\/\/zonaroja.com.mx\/index.php?rest_route=%2Fwp%2Fv2%2Fmedia&parent=46067"}],"wp:term":[{"taxonomy":"category","embeddable":true,"href":"https:\/\/zonaroja.com.mx\/index.php?rest_route=%2Fwp%2Fv2%2Fcategories&post=46067"},{"taxonomy":"post_tag","embeddable":true,"href":"https:\/\/zonaroja.com.mx\/index.php?rest_route=%2Fwp%2Fv2%2Ftags&post=46067"}],"curies":[{"name":"wp","href":"https:\/\/api.w.org\/{rel}","templated":true}]}}