{"id":46075,"date":"2022-09-22T07:00:39","date_gmt":"2022-09-22T12:00:39","guid":{"rendered":"http:\/\/www.zonaroja.com.mx\/?p=46075"},"modified":"2022-09-22T07:00:41","modified_gmt":"2022-09-22T12:00:41","slug":"otro-sismo-en-michoacan-ahora-deja-dos-muertos-en-la-cdmx","status":"publish","type":"post","link":"https:\/\/zonaroja.com.mx\/?p=46075","title":{"rendered":"\u00a1Otro sismo en Michoac\u00e1n!; ahora deja dos muertos en la Cdmx"},"content":{"rendered":"\n<p>Redacci\u00f3n\/Zona Roja Cdmx.<\/p>\n\n\n\n<p>Ciudad de M\u00e9xico, a 22 de septiembre de 2022.- Cuarenta y ocho horas despu\u00e9s, M\u00e9xico registr\u00f3 otro fuerte sismo, con epicentro tambi\u00e9n en Michoac\u00e1n.<\/p>\n\n\n\n<p>Fue aproximadamente a la 01:16 horas en que se registr\u00f3 el movimiento tel\u00farico de magnitud 6.9, con epicentro a 81 kil\u00f3metros de Calcoman.<\/p>\n\n\n\n<p>Sin embargo, en la ciudad de M\u00e9xico dej\u00f3 como saldo dos personas fallecidas, seg\u00fan report\u00f3 la Jefa de Gobierno, Claudia Sheibaum.<\/p>\n\n\n\n<p>Tras la activaci\u00f3n de la Alerta S\u00edsmica, una persona habr\u00eda salido de su casa de forma apresurada, lo cual ocasion\u00f3 que perdiera el equilibrio y cayera.<\/p>\n\n\n\n<p>Esto dio pie a que se golpeara en la cabeza con la escaleras de su domicilio. La lesi\u00f3n le ocasion\u00f3 la muerte en el lugar ubicado en la colonia Doctores.&nbsp;<\/p>\n\n\n\n<p>La mujer de 57 a\u00f1os de edad muri\u00f3 en el n\u00famero 15 de la calle Garc\u00eda Diego, justo en la intersecci\u00f3n de esta vialidad con Eje Central L\u00e1zaro C\u00e1rdenas. Fue encontrada por sus vecinos.<\/p>\n\n\n\n<p>Minutos despu\u00e9s, la jefa de Gobierno confirm\u00f3 que una persona m\u00e1s muri\u00f3 debido a un infarto en la colonia Educaci\u00f3n en la alcald\u00eda Coyoac\u00e1n.&nbsp;<\/p>\n\n\n\n<p>Se trata de un hombre que tuvo un episodio cardiaco justo al momento de que comenz\u00f3 a sonar la alerta s\u00edsmica. Este hecho ocurri\u00f3 en&nbsp;Calle 11 entre cerro San Antonio y la avenida Fuentes. Las autoridades ya se encuentran en&nbsp;este lugar.<\/p>\n\n\n\n<p>Al mensaje se sum\u00f3 el presidente Andr\u00e9s Manuel L\u00f3pez Obrador, quien a trav\u00e9s de sus redes sociales lament\u00f3 la muerte de dos personas, y en comunicaci\u00f3n permanente con los estados, asegur\u00f3 que no hubo m\u00e1s v\u00edctimas ni p\u00e9rdidas humanas en otras regiones.<\/p>\n\n\n\n<p>(Con informaci\u00f3n de \u201cEl Heraldo de M\u00e9xico\u201d)<\/p>\n","protected":false},"excerpt":{"rendered":"<p>Redacci\u00f3n\/Zona Roja Cdmx. Ciudad de M\u00e9xico, a 22 de septiembre de 2022.- Cuarenta y ocho&hellip;<\/p>\n","protected":false},"author":2,"featured_media":46076,"comment_status":"closed","ping_status":"open","sticky":false,"template":"","format":"standard","meta":{"_lmt_disableupdate":"","_lmt_disable":"","_jetpack_memberships_contains_paid_content":false,"footnotes":""},"categories":[109,47],"tags":[],"class_list":["post-46075","post","type-post","status-publish","format-standard","has-post-thumbnail","hentry","category-minuto-a-minuto","category-zona-gris"],"jetpack_featured_media_url":"https:\/\/zonaroja.com.mx\/wp-content\/uploads\/2022\/09\/Sismo-Michoacan-Mexico.jpg","jetpack_sharing_enabled":true,"_links":{"self":[{"href":"https:\/\/zonaroja.com.mx\/index.php?rest_route=\/wp\/v2\/posts\/46075","targetHints":{"allow":["GET"]}}],"collection":[{"href":"https:\/\/zonaroja.com.mx\/index.php?rest_route=\/wp\/v2\/posts"}],"about":[{"href":"https:\/\/zonaroja.com.mx\/index.php?rest_route=\/wp\/v2\/types\/post"}],"author":[{"embeddable":true,"href":"https:\/\/zonaroja.com.mx\/index.php?rest_route=\/wp\/v2\/users\/2"}],"replies":[{"embeddable":true,"href":"https:\/\/zonaroja.com.mx\/index.php?rest_route=%2Fwp%2Fv2%2Fcomments&post=46075"}],"version-history":[{"count":1,"href":"https:\/\/zonaroja.com.mx\/index.php?rest_route=\/wp\/v2\/posts\/46075\/revisions"}],"predecessor-version":[{"id":46077,"href":"https:\/\/zonaroja.com.mx\/index.php?rest_route=\/wp\/v2\/posts\/46075\/revisions\/46077"}],"wp:featuredmedia":[{"embeddable":true,"href":"https:\/\/zonaroja.com.mx\/index.php?rest_route=\/wp\/v2\/media\/46076"}],"wp:attachment":[{"href":"https:\/\/zonaroja.com.mx\/index.php?rest_route=%2Fwp%2Fv2%2Fmedia&parent=46075"}],"wp:term":[{"taxonomy":"category","embeddable":true,"href":"https:\/\/zonaroja.com.mx\/index.php?rest_route=%2Fwp%2Fv2%2Fcategories&post=46075"},{"taxonomy":"post_tag","embeddable":true,"href":"https:\/\/zonaroja.com.mx\/index.php?rest_route=%2Fwp%2Fv2%2Ftags&post=46075"}],"curies":[{"name":"wp","href":"https:\/\/api.w.org\/{rel}","templated":true}]}}