{"id":46078,"date":"2022-09-22T10:08:00","date_gmt":"2022-09-22T15:08:00","guid":{"rendered":"http:\/\/www.zonaroja.com.mx\/?p=46078"},"modified":"2022-09-22T07:11:55","modified_gmt":"2022-09-22T12:11:55","slug":"preve-la-ops-rebrote-de-covid-19-en-mexico-por-fiestas","status":"publish","type":"post","link":"https:\/\/zonaroja.com.mx\/?p=46078","title":{"rendered":"Prev\u00e9 la OPS rebrote de Covid-19 en M\u00e9xico, por fiestas"},"content":{"rendered":"\n<p>Redacci\u00f3n\/Zona Roja Cdmx.<\/p>\n\n\n\n<p>Ciudad de M\u00e9xico, a 22 de septiembre de 2022.- La Organizaci\u00f3n Panamericana de la Salud (OPS) pronostic\u00f3 que M\u00e9xico tendr\u00e1 un rebrote de contagios por covid-19 hacia las festividades del D\u00eda de Muertos y reuniones de fin de a\u00f1o.<\/p>\n\n\n\n<p>Frente a ese escenario, el organismo de salud continental recomend\u00f3 a las autoridades y ciudadanos mantener las medidas de contenci\u00f3n del virus ya que siempre que se opta por retirar los mecanismos de protecci\u00f3n como la sana distancia, el cubrebocas o ventilar lugares cerrados, los contagios por esta enfermedad repuntan.<\/p>\n\n\n\n<p>\u00abCada vez que se han liberado o se han flexibilizado las medidas de salud p\u00fablica, ha habido incrementos del n\u00famero de casos y cuando esa transmisi\u00f3n es muy alta en ciertas zonas, eso lleva a un aumento de hospitalizaciones y de fallecimientos.<\/p>\n\n\n\n<p>\u201cEl n\u00famero de hospitalizaciones y fallecimientos son muy bajos debido a que se han implementado esa y otras medidas; de tal manera que la organizaci\u00f3n sigue recomendando el mantenimiento de las medidas de salud p\u00fablica\u00bb, record\u00f3 Ciro Ugarte, director de emergencias de la salud de la OPS.<\/p>\n\n\n\n<p>El experto dijo que el retiro de las medidas de protecci\u00f3n debe tomar en cuenta el nivel de vacunaci\u00f3n de la poblaci\u00f3n, as\u00ed como la capacidad de los servicios de salud y la rapidez con la que se propagan los contagios.<\/p>\n\n\n\n<p>\u00abEn el caso de M\u00e9xico se espera un repunte de casos asociados con el D\u00eda de Muertos y las festividades de fin de a\u00f1o, as\u00ed como en otros pa\u00edses; de tal manera que tambi\u00e9n el periodo invernal en los pa\u00edses que lo enfrentan es muy propicio para la transmisi\u00f3n del virus\u00bb subray\u00f3 el doctor Ugarte.<\/p>\n\n\n\n<p>ALERTA POR POLIO<\/p>\n\n\n\n<p>Por su parte, la directora de la Organizaci\u00f3n Panamericana de la Salud, Carissa Etienne, alert\u00f3 a los pa\u00edses del continente a tomar medidas en contra de la poliomielitis por el n\u00famero de casos confirmados en los Estados Unidos.<\/p>\n\n\n\n<p>Se\u00f1al\u00f3 que la enfermedad llevaba m\u00e1s de tres d\u00e9cadas sin aparecer y que ahora debe impulsarse la vacunaci\u00f3n contra este padecimiento que, una vez declarado, ya nada se puede hacer ya que puede provocar una par\u00e1lisis en cuesti\u00f3n de horas.<\/p>\n\n\n\n<p>Carissa Etienne reconoci\u00f3 que la polio se ha detectado en otros pa\u00edses como Brasil, Guatemala, Rep\u00fablica Dominicana, Ecuador, Venezuela y Surinam, lugares que se encuentran en alto riesgo en virtud de los bajos niveles de vacunaci\u00f3n.<\/p>\n\n\n\n<p>VIRUS DEL MONO<\/p>\n\n\n\n<p>En el caso de la viruela s\u00edmica, se inform\u00f3 que su transmisi\u00f3n se mantiene en el continente aunque disminuy\u00f3 su rapidez de propagaci\u00f3n en las \u00faltimas dos semanas sobre todo en los Estados Unidos, Canad\u00e1 y Brasil.<\/p>\n\n\n\n<p>Trat\u00e1ndose de grandes poblaciones metropolitanas los casos van creciendo y hasta este momento se tienen confirmadas cinco muertes por esta enfermedad, la cual tiene presencial al d\u00eda de hoy en 31 pa\u00edses.<\/p>\n\n\n\n<p>M\u00e9xico ocupa el quinto lugar en el continente por el n\u00famero de contagios documentados y que asciende a mil 367.<\/p>\n","protected":false},"excerpt":{"rendered":"<p>Redacci\u00f3n\/Zona Roja Cdmx. Ciudad de M\u00e9xico, a 22 de septiembre de 2022.- La Organizaci\u00f3n Panamericana&hellip;<\/p>\n","protected":false},"author":2,"featured_media":35002,"comment_status":"closed","ping_status":"open","sticky":false,"template":"","format":"standard","meta":{"_lmt_disableupdate":"","_lmt_disable":"","_jetpack_memberships_contains_paid_content":false,"footnotes":""},"categories":[109,47],"tags":[1328],"class_list":["post-46078","post","type-post","status-publish","format-standard","has-post-thumbnail","hentry","category-minuto-a-minuto","category-zona-gris","tag-coronavirus-mexico"],"jetpack_featured_media_url":"https:\/\/zonaroja.com.mx\/wp-content\/uploads\/2021\/12\/Covid-Omnicron-coronavirus.jpg","jetpack_sharing_enabled":true,"_links":{"self":[{"href":"https:\/\/zonaroja.com.mx\/index.php?rest_route=\/wp\/v2\/posts\/46078","targetHints":{"allow":["GET"]}}],"collection":[{"href":"https:\/\/zonaroja.com.mx\/index.php?rest_route=\/wp\/v2\/posts"}],"about":[{"href":"https:\/\/zonaroja.com.mx\/index.php?rest_route=\/wp\/v2\/types\/post"}],"author":[{"embeddable":true,"href":"https:\/\/zonaroja.com.mx\/index.php?rest_route=\/wp\/v2\/users\/2"}],"replies":[{"embeddable":true,"href":"https:\/\/zonaroja.com.mx\/index.php?rest_route=%2Fwp%2Fv2%2Fcomments&post=46078"}],"version-history":[{"count":1,"href":"https:\/\/zonaroja.com.mx\/index.php?rest_route=\/wp\/v2\/posts\/46078\/revisions"}],"predecessor-version":[{"id":46079,"href":"https:\/\/zonaroja.com.mx\/index.php?rest_route=\/wp\/v2\/posts\/46078\/revisions\/46079"}],"wp:featuredmedia":[{"embeddable":true,"href":"https:\/\/zonaroja.com.mx\/index.php?rest_route=\/wp\/v2\/media\/35002"}],"wp:attachment":[{"href":"https:\/\/zonaroja.com.mx\/index.php?rest_route=%2Fwp%2Fv2%2Fmedia&parent=46078"}],"wp:term":[{"taxonomy":"category","embeddable":true,"href":"https:\/\/zonaroja.com.mx\/index.php?rest_route=%2Fwp%2Fv2%2Fcategories&post=46078"},{"taxonomy":"post_tag","embeddable":true,"href":"https:\/\/zonaroja.com.mx\/index.php?rest_route=%2Fwp%2Fv2%2Ftags&post=46078"}],"curies":[{"name":"wp","href":"https:\/\/api.w.org\/{rel}","templated":true}]}}